{"id":56439,"date":"2025-04-28T01:07:00","date_gmt":"2025-04-28T04:07:00","guid":{"rendered":"https:\/\/panoramadelsur.com.ar\/?p=56439"},"modified":"2025-04-27T19:27:12","modified_gmt":"2025-04-27T22:27:12","slug":"kicillof-y-estela-diaz-encabezaron-la-apertura-del-iv-congreso-politicas-para-la-igualdad","status":"publish","type":"post","link":"https:\/\/panoramadelsur.com.ar\/?p=56439","title":{"rendered":"KICILLOF Y ESTELA D\u00cdAZ ENCABEZARON LA APERTURA DEL IV CONGRESO \u00abPOL\u00cdTICAS PARA LA IGUALDAD\u00bb"},"content":{"rendered":"\n<p>El gobernador de la provincia de Buenos Aires, Axel Kicillof, particip\u00f3 el pasado jueves junto a la ministra de Mujeres y Diversidad, Estela D\u00edaz, de la apertura del IV Congreso \u201cPol\u00edticas para la Igualdad\u201d, que tiene como fin consolidar las pol\u00edticas de g\u00e9nero y diversidad a nivel federal. Fue en la Universidad Nacional de Luj\u00e1n, con la presencia de la jefa de Asesores del Gobernador, Cristina \u00c1lvarez Rodr\u00edguez; el intendente local, Leonardo Boto; y el rector de la UNLU, Walter Panessi. &nbsp;<\/p>\n\n\n\n<p>En ese marco, Kicillof afirm\u00f3: \u201cEste congreso invita a debatir, a reflexionar c\u00f3mo construir un Estado m\u00e1s eficaz, pero tambi\u00e9n nos deja en claro c\u00f3mo las pol\u00edticas que lleva adelante la Naci\u00f3n tienen consecuencias grav\u00edsimas en la vida de los y las argentinas\u201d. \u201cEliminar la moratoria previsional que abarcaba principalmente a las mujeres o discontinuar las pol\u00edticas de violencia de g\u00e9nero o de salud sexual y reproductiva no es otra cosa que quitar derechos\u201d, agreg\u00f3.<\/p>\n\n\n\n<p>En ese sentido, el Gobernador expres\u00f3: \u201cDesde el Gobierno nacional afirman que el Estado no est\u00e1 para cumplir los sue\u00f1os de la gente e instalan la pesadilla de que quienes no tienen los recursos no podr\u00e1n obtener lo que necesitan: eso solo genera desigualdad y exclusi\u00f3n\u201d. \u201cEn la provincia de Buenos Aires estamos convencidos de que el Estado s\u00ed debe dar respuestas, debe ampliar derechos y trabajar comprometidamente por mayor igualdad\u201d, destac\u00f3.<\/p>\n\n\n\n<p>El congreso impulsado por el Ministerio de Mujeres y Diversidad funcionar\u00e1 como un espacio de di\u00e1logo y construcci\u00f3n colectiva entre referentes que trabajan en \u00e1reas de g\u00e9nero y diversidad en los tres poderes del Estado, organizaciones sociales y comunitarias, sindicatos y colectivos feministas.<\/p>\n\n\n\n<p>Por su parte, Estela D\u00edaz remarc\u00f3: \u201cEste espacio no solo es para escucharnos y repensar nuestras pr\u00e1cticas, sino tambi\u00e9n para construir la institucionalidad necesaria para que las pol\u00edticas p\u00fablicas en esta materia trasciendan nuestra gesti\u00f3n y sean un compromiso de lucha contra la desigualdad estructural de g\u00e9nero de manera permanente\u201d. \u201cMientras las m\u00e1s altas esferas del Gobierno nacional nos invitan a dar debates con los peores niveles de violencia, nosotros respondemos con m\u00e1s organizaci\u00f3n y militancia\u201d, agreg\u00f3.<\/p>\n\n\n\n<p>Durante el encuentro, que se desarrollar\u00e1 el jueves y viernes, habr\u00e1 conversatorios e intercambio de experiencias con eje en la transversalizaci\u00f3n de la perspectiva de g\u00e9nero y diversidad, las pol\u00edticas de promoci\u00f3n e inclusi\u00f3n para la igualdad, y la prevenci\u00f3n y abordaje de la violencia de g\u00e9nero. &nbsp;<\/p>\n\n\n\n<p>\u201cEste congreso que albergamos en nuestra ciudad es fundamental para poder discutir y pensar sobre qu\u00e9 sociedad queremos frente a esta actualidad deshumanizada. Estoy convencido de que ser\u00e1 un aporte para el dise\u00f1o de una patria m\u00e1s igualitaria que incluya a todos y todas\u201d, remarc\u00f3 Boto.<\/p>\n\n\n\n<p>\u201cComo casa de estudios estamos orgullosos de ser anfitriones de este espacio de debate sobre g\u00e9nero y diversidad: la \u00fanica garant\u00eda para lograr igualdad y equidad en nuestra sociedad, es tener un Estado presente que conciba a la educaci\u00f3n como un aliado estrat\u00e9gico\u201d, expres\u00f3 Panessi.<\/p>\n\n\n\n<p>Por \u00faltimo, Kicillof remarc\u00f3: \u201cEn la Provincia no vamos en camino opuesto al Gobierno nacional para llevarle la contra, sino porque creemos en un modelo que es absolutamente distinto. Los y las bonaerenses contundentemente eligieron por m\u00e1s salud, m\u00e1s educaci\u00f3n, m\u00e1s trabajo y m\u00e1s igualdad: la herramienta m\u00e1s efectiva para cumplir ese mandato es continuar trabajando en el territorio, porque el pueblo sabe lo que necesita\u201d.<\/p>\n\n\n\n<p>Estuvieron presentes tambi\u00e9n el diputado nacional Daniel Gollan; la intendenta de Carlos Tejedor, Mar\u00eda Celia Gianini; sus pares de Navarro, Facundo Diz y de General Las Heras, Javier Osuna; la legisladora porte\u00f1a Victoria Montenegro; la dirigenta gremial Mar\u00eda Reigada; el presidente del Consejo Interuniversitario Nacional, Oscar Alpa; funcionarios y funcionarias del Ministerio de Mujeres y Diversidad; e investigadoras, acad\u00e9micas y referentes de organizaciones sociales y sindicales de diversas provincias.<\/p>\n","protected":false},"excerpt":{"rendered":"<p>El gobernador<\/p>\n","protected":false},"author":1,"featured_media":56440,"comment_status":"closed","ping_status":"closed","sticky":false,"template":"","format":"standard","meta":{"footnotes":""},"categories":[5],"tags":[],"class_list":["post-56439","post","type-post","status-publish","format-standard","has-post-thumbnail","hentry","category-provincia"],"_links":{"self":[{"href":"https:\/\/panoramadelsur.com.ar\/index.php?rest_route=\/wp\/v2\/posts\/56439","targetHints":{"allow":["GET"]}}],"collection":[{"href":"https:\/\/panoramadelsur.com.ar\/index.php?rest_route=\/wp\/v2\/posts"}],"about":[{"href":"https:\/\/panoramadelsur.com.ar\/index.php?rest_route=\/wp\/v2\/types\/post"}],"author":[{"embeddable":true,"href":"https:\/\/panoramadelsur.com.ar\/index.php?rest_route=\/wp\/v2\/users\/1"}],"replies":[{"embeddable":true,"href":"https:\/\/panoramadelsur.com.ar\/index.php?rest_route=%2Fwp%2Fv2%2Fcomments&post=56439"}],"version-history":[{"count":1,"href":"https:\/\/panoramadelsur.com.ar\/index.php?rest_route=\/wp\/v2\/posts\/56439\/revisions"}],"predecessor-version":[{"id":56441,"href":"https:\/\/panoramadelsur.com.ar\/index.php?rest_route=\/wp\/v2\/posts\/56439\/revisions\/56441"}],"wp:featuredmedia":[{"embeddable":true,"href":"https:\/\/panoramadelsur.com.ar\/index.php?rest_route=\/wp\/v2\/media\/56440"}],"wp:attachment":[{"href":"https:\/\/panoramadelsur.com.ar\/index.php?rest_route=%2Fwp%2Fv2%2Fmedia&parent=56439"}],"wp:term":[{"taxonomy":"category","embeddable":true,"href":"https:\/\/panoramadelsur.com.ar\/index.php?rest_route=%2Fwp%2Fv2%2Fcategories&post=56439"},{"taxonomy":"post_tag","embeddable":true,"href":"https:\/\/panoramadelsur.com.ar\/index.php?rest_route=%2Fwp%2Fv2%2Ftags&post=56439"}],"curies":[{"name":"wp","href":"https:\/\/api.w.org\/{rel}","templated":true}]}}