{"id":56465,"date":"2025-05-02T17:11:39","date_gmt":"2025-05-02T20:11:39","guid":{"rendered":"https:\/\/panoramadelsur.com.ar\/?p=56465"},"modified":"2025-05-02T17:11:40","modified_gmt":"2025-05-02T20:11:40","slug":"nuevos-operativos-de-limpieza-en-berazategui","status":"publish","type":"post","link":"https:\/\/panoramadelsur.com.ar\/?p=56465","title":{"rendered":"NUEVOS OPERATIVOS DE LIMPIEZA EN BERAZATEGUI"},"content":{"rendered":"\n<p><strong>Del 25 de abril al 2 de mayo se realizaron nuevos operativos de limpieza y recolecci\u00f3n de residuos en los barrios, con el objetivo de eliminar puntos de arrojo clandestinos.<\/strong><\/p>\n\n\n\n<p>As\u00ed es como, diariamente, los trabajadores del \u00e1rea de Higiene Urbana de la Secretar\u00eda de Obras P\u00fablicas de la Municipalidad recorren el distrito con los m\u00f3viles, maquinarias y herramientas para mantener la ciudad limpia.<\/p>\n\n\n\n<p>Esta semana, se realizaron jornadas de limpieza y recolecci\u00f3n en los siguientes barrios:<\/p>\n\n\n\n<p>Viernes 25\/04: 14 de Noviembre, Villa Chingolo, Santa Rosa, El Sol, Centro Sudoeste, Av. 14 y Au. Bs. As- La Plata y Barrio Americano.<\/p>\n\n\n\n<p>S\u00e1bado 26\/04: 12 de Octubre, Centro Sudoeste y El Sol.<\/p>\n\n\n\n<p>Domingo 27\/04: Las Casillas, Barrio Americano, General Mosconi, Villa La Merced, Estaci\u00f3n Pl\u00e1tanos y Estaci\u00f3n Ranelagh.<\/p>\n\n\n\n<p>Lunes 28\/04: 12 de Octubre, Centro Sudoeste, El Sol, Las Casillas, Barrio Americano, General Mosconi, Villa La Merced y Santa Carmen.<\/p>\n\n\n\n<p>Martes 29\/04: San Jos\u00e9 \u2013 San Mauro, Centro Sudeste, Rigolleau, Santa Carmen, Parque Malvinas, San Carlos de Sourigues, Barrio Americano y La Uni\u00f3n de Villa Espa\u00f1a.<\/p>\n\n\n\n<p>Mi\u00e9rcoles 30\/04: Las Casillas, Barrio Americano, General Mosconi, Villa La Merced, Lomas de Godoy, Comandante Ramos, La Serranita, El Sol, Ranelagh, Primavera, La Uni\u00f3n de Villa Espa\u00f1a, Alberdi, San Mart\u00edn y Berasur.<\/p>\n\n\n\n<p>Jueves 01\/05: Las Casillas, Barrio Americano, General Mosconi, Villa La Merced, Estaci\u00f3n Pl\u00e1tanos y Estaci\u00f3n Ranelagh.<\/p>\n\n\n\n<p>Viernes 02\/05: Repaso de avenidas.<\/p>\n\n\n\n<p>Desde el Municipio se recuerda que el horario para sacar los residuos domiciliarios debidamente embolsados, al cesto de la puerta de las viviendas, es de domingo a viernes (los s\u00e1bados no), de 19.00 a 21.00. Esta semana, volver a sacar los residuos el viernes 2 en el horario habitual, tras el feriado y la jornada no laborable correspondientes al D\u00eda del Trabajador y la Trabajadora.<\/p>\n\n\n\n<p>Aquellos que sean voluminosos o no convencionales, como ramas, escombros, chatarra, artefactos electr\u00f3nicos, muebles, entre otros, pueden llevarse al Centro Municipal de Gesti\u00f3n Sustentable, donde recibir\u00e1n un tratamiento adecuado. Este espacio, ubicado en Av. Padre Mugica (33) y 162, abre de lunes a viernes de 6.00 a 16.00; y los s\u00e1bados de 6.00 a 13.00.<\/p>\n\n\n\n<p>Asimismo, la Municipalidad informa que se aplican sanciones para aquellas personas que arrojen basura en la v\u00eda p\u00fablica, generen basurales a cielo abierto o no cumplan con las medidas sanitarias y urbanas correspondientes en calles, veredas y propiedades privadas. Los vecinos y vecinas de Berazategui pueden denunciar en el momento a quienes ensucian llamando al 0800-999-2525\/0247 (Centro de Operaciones Municipal -COM-). Atiende todos los d\u00edas, las 24 horas.<\/p>\n","protected":false},"excerpt":{"rendered":"<p>Del 25<\/p>\n","protected":false},"author":1,"featured_media":56466,"comment_status":"closed","ping_status":"closed","sticky":false,"template":"","format":"standard","meta":{"footnotes":""},"categories":[3],"tags":[],"class_list":["post-56465","post","type-post","status-publish","format-standard","has-post-thumbnail","hentry","category-regionales"],"_links":{"self":[{"href":"https:\/\/panoramadelsur.com.ar\/index.php?rest_route=\/wp\/v2\/posts\/56465","targetHints":{"allow":["GET"]}}],"collection":[{"href":"https:\/\/panoramadelsur.com.ar\/index.php?rest_route=\/wp\/v2\/posts"}],"about":[{"href":"https:\/\/panoramadelsur.com.ar\/index.php?rest_route=\/wp\/v2\/types\/post"}],"author":[{"embeddable":true,"href":"https:\/\/panoramadelsur.com.ar\/index.php?rest_route=\/wp\/v2\/users\/1"}],"replies":[{"embeddable":true,"href":"https:\/\/panoramadelsur.com.ar\/index.php?rest_route=%2Fwp%2Fv2%2Fcomments&post=56465"}],"version-history":[{"count":1,"href":"https:\/\/panoramadelsur.com.ar\/index.php?rest_route=\/wp\/v2\/posts\/56465\/revisions"}],"predecessor-version":[{"id":56467,"href":"https:\/\/panoramadelsur.com.ar\/index.php?rest_route=\/wp\/v2\/posts\/56465\/revisions\/56467"}],"wp:featuredmedia":[{"embeddable":true,"href":"https:\/\/panoramadelsur.com.ar\/index.php?rest_route=\/wp\/v2\/media\/56466"}],"wp:attachment":[{"href":"https:\/\/panoramadelsur.com.ar\/index.php?rest_route=%2Fwp%2Fv2%2Fmedia&parent=56465"}],"wp:term":[{"taxonomy":"category","embeddable":true,"href":"https:\/\/panoramadelsur.com.ar\/index.php?rest_route=%2Fwp%2Fv2%2Fcategories&post=56465"},{"taxonomy":"post_tag","embeddable":true,"href":"https:\/\/panoramadelsur.com.ar\/index.php?rest_route=%2Fwp%2Fv2%2Ftags&post=56465"}],"curies":[{"name":"wp","href":"https:\/\/api.w.org\/{rel}","templated":true}]}}