{"id":56570,"date":"2025-06-09T01:07:00","date_gmt":"2025-06-09T04:07:00","guid":{"rendered":"https:\/\/panoramadelsur.com.ar\/?p=56570"},"modified":"2025-06-08T15:33:14","modified_gmt":"2025-06-08T18:33:14","slug":"mayra-superviso-un-nuevo-operativo-de-poda-correctiva-en-quilmes-este","status":"publish","type":"post","link":"https:\/\/panoramadelsur.com.ar\/?p=56570","title":{"rendered":"MAYRA SUPERVIS\u00d3 UN NUEVO OPERATIVO DE PODA CORRECTIVA EN QUILMES ESTE"},"content":{"rendered":"\n<p>La intendenta de Quilmes, Mayra Mendoza, supervis\u00f3 el jueves un nuevo operativo de poda correctiva que en esta jornada se llev\u00f3 adelante en la intersecci\u00f3n de las calles Lavalle y Lugones, en Quilmes Este, en el marco del D\u00eda Mundial del Ambiente.<\/p>\n\n\n\n<p>\u201cRealizamos tareas de poda correctiva en distintos puntos de Quilmes para cuidar el arbolado urbano, despejar luminarias, prevenir riesgos y fomentar el crecimiento saludable de nuestros \u00e1rboles. Desde el Municipio seguimos trabajando por una ciudad m\u00e1s verde, segura y sustentable\u201d, se\u00f1al\u00f3 Mayra.<\/p>\n\n\n\n<p>Por su parte, el secretario de Ambiente y GIRSU, Roberto Gaudio, destac\u00f3: \u201cSeguimos ampliando la capacidad de servicio del Municipio, como siempre nos pide nuestra Intendenta. Este a\u00f1o vamos a llegar con el dispositivo de poda correctiva a zonas donde el a\u00f1o pasado no hab\u00edamos podido llegar. Aprovechamos estas jornadas para concientizar sobre el cuidado del ambiente\u201d.<\/p>\n\n\n\n<p>El per\u00edodo de poda comienza en mayo y finaliza en agosto. Durante esos meses, el Municipio se encarga de planificar las intervenciones, con el objetivo de optimizar el arbolado urbano, despejar luminarias y prevenir accidentes.<\/p>\n\n\n\n<p>El D\u00eda Mundial del Ambiente se conmemora cada 5 de junio por iniciativa de la Organizaci\u00f3n de las Naciones Unidas (ONU). La fecha busca concientizar sobre la importancia de la protecci\u00f3n del medioambiente y fomentar la acci\u00f3n en este \u00e1mbito.<\/p>\n\n\n\n<p>Tambi\u00e9n estuvieron presentes el secretario de Gesti\u00f3n y Participaci\u00f3n Ciudadana, Fabio B\u00e1ez, y el subsecretario de Ambiente y Desarrollo Sostenible, Dar\u00edo Ortiz\u00e1.<\/p>\n","protected":false},"excerpt":{"rendered":"<p>La intendenta<\/p>\n","protected":false},"author":1,"featured_media":56571,"comment_status":"closed","ping_status":"closed","sticky":false,"template":"","format":"standard","meta":{"footnotes":""},"categories":[2],"tags":[17],"class_list":["post-56570","post","type-post","status-publish","format-standard","has-post-thumbnail","hentry","category-quilmes","tag-quilmes"],"_links":{"self":[{"href":"https:\/\/panoramadelsur.com.ar\/index.php?rest_route=\/wp\/v2\/posts\/56570","targetHints":{"allow":["GET"]}}],"collection":[{"href":"https:\/\/panoramadelsur.com.ar\/index.php?rest_route=\/wp\/v2\/posts"}],"about":[{"href":"https:\/\/panoramadelsur.com.ar\/index.php?rest_route=\/wp\/v2\/types\/post"}],"author":[{"embeddable":true,"href":"https:\/\/panoramadelsur.com.ar\/index.php?rest_route=\/wp\/v2\/users\/1"}],"replies":[{"embeddable":true,"href":"https:\/\/panoramadelsur.com.ar\/index.php?rest_route=%2Fwp%2Fv2%2Fcomments&post=56570"}],"version-history":[{"count":1,"href":"https:\/\/panoramadelsur.com.ar\/index.php?rest_route=\/wp\/v2\/posts\/56570\/revisions"}],"predecessor-version":[{"id":56572,"href":"https:\/\/panoramadelsur.com.ar\/index.php?rest_route=\/wp\/v2\/posts\/56570\/revisions\/56572"}],"wp:featuredmedia":[{"embeddable":true,"href":"https:\/\/panoramadelsur.com.ar\/index.php?rest_route=\/wp\/v2\/media\/56571"}],"wp:attachment":[{"href":"https:\/\/panoramadelsur.com.ar\/index.php?rest_route=%2Fwp%2Fv2%2Fmedia&parent=56570"}],"wp:term":[{"taxonomy":"category","embeddable":true,"href":"https:\/\/panoramadelsur.com.ar\/index.php?rest_route=%2Fwp%2Fv2%2Fcategories&post=56570"},{"taxonomy":"post_tag","embeddable":true,"href":"https:\/\/panoramadelsur.com.ar\/index.php?rest_route=%2Fwp%2Fv2%2Ftags&post=56570"}],"curies":[{"name":"wp","href":"https:\/\/api.w.org\/{rel}","templated":true}]}}