{"id":56583,"date":"2025-06-09T01:05:00","date_gmt":"2025-06-09T04:05:00","guid":{"rendered":"https:\/\/panoramadelsur.com.ar\/?p=56583"},"modified":"2025-06-08T15:33:42","modified_gmt":"2025-06-08T18:33:42","slug":"mayra-destaco-la-articulacion-publico-privada-en-el-acto-de-entrega-de-20-notebooks-a-la-ees-no-9-de-quilmes-oeste","status":"publish","type":"post","link":"https:\/\/panoramadelsur.com.ar\/?p=56583","title":{"rendered":"MAYRA DESTAC\u00d3 LA ARTICULACI\u00d3N P\u00daBLICO-PRIVADA EN EL ACTO DE ENTREGA DE 20 NOTEBOOKS A LA EES N\u00ba 9 DE QUILMES OESTE"},"content":{"rendered":"\n<p>La intendenta de Quilmes, Mayra Mendoza, acompa\u00f1\u00f3 la entrega de 20 notebooks que fueron donadas por la empresa Control Novit a la Escuela de Educaci\u00f3n Secundaria N\u00ba 9 \u201cCombatientes de Malvinas\u201d, ubicada en la calle 810 N\u00ba 1828, en Quilmes Oeste.<\/p>\n\n\n\n<p>En el acto, la Jefa comunal destac\u00f3 la articulaci\u00f3n p\u00fablico-privada y asegur\u00f3: \u201cAcompa\u00f1amos la donaci\u00f3n de 20 notebooks a la EES N\u00ba 9, de Quilmes Oeste. La empresa Control Novit hizo esta entrega como parte de su pol\u00edtica de Responsabilidad Social Empresaria. Para un quilme\u00f1o no puede ni debe haber nada mejor que otro quilme\u00f1o y nos enorgullece que ese esp\u00edritu gu\u00ede a nuestra comunidad\u201d.<\/p>\n\n\n\n<p>Por su parte, el secretario de Educaci\u00f3n, Culturas y Deportes, Joaqu\u00edn Desmery, indic\u00f3 que \u201ca partir del robo de material tecnol\u00f3gico que sufri\u00f3 la escuela, buscamos la forma de recuperar parte del equipamiento y as\u00ed surgi\u00f3 esta posibilidad. Esta es una pol\u00edtica articulada con la Secretar\u00eda de Seguridad. Tambi\u00e9n queremos destacar que tenemos 127 alarmas instaladas en todas las escuelas de Quilmes, para cuidar el patrimonio de las instituciones\u201d.<\/p>\n\n\n\n<p>En tanto, el presidente de Control Novit, Gustavo Albertella, remarc\u00f3: \u201cCon conciencia social y empresaria, tomamos la decisi\u00f3n de hacer un aporte con estas computadoras, que son una herramienta fundamental para los chicos en las escuelas. Agradecemos al Municipio de Quilmes y a la comunidad educativa por aceptar nuestro apoyo\u201d.<\/p>\n\n\n\n<p>Finalmente, la directora de la instituci\u00f3n, Mar\u00eda de los \u00c1ngeles Chil, coment\u00f3: \u201cHace dos semanas tuvimos un suceso que nos golpe\u00f3 fuerte, ya que nos dejaron sin herramientas que utiliz\u00e1bamos para trabajar con los chicos. Quiero agradecer la respuesta inmediata, la colaboraci\u00f3n y estas computadoras. Es una alegr\u00eda enorme saber que contamos con nuestra Intendenta, con el apoyo del Municipio y de las instituciones privadas que hicieron posible esto\u201d.<\/p>\n\n\n\n<p>Como parte del acompa\u00f1amiento a la instituci\u00f3n, en el \u00faltimo tiempo la EES N\u00ba 9 ha recibido equipamiento a trav\u00e9s del SAE (Servicios Alimentario Escolar): horno el\u00e9ctrico, heladera exhibidora, infusionadora, term\u00f3metro y balanza. Adem\u00e1s, se hicieron trabajos de pintura. En el mismo sentido, el Consejo Escolar construy\u00f3 un aula nueva, e hizo una obra de refacci\u00f3n de cubiertas y carpinter\u00edas, que permiti\u00f3 refuncionalizar el espacio del auditorio y la secretar\u00eda.<\/p>\n","protected":false},"excerpt":{"rendered":"<p>La intendenta<\/p>\n","protected":false},"author":1,"featured_media":56584,"comment_status":"closed","ping_status":"closed","sticky":false,"template":"","format":"standard","meta":{"footnotes":""},"categories":[2],"tags":[17],"class_list":["post-56583","post","type-post","status-publish","format-standard","has-post-thumbnail","hentry","category-quilmes","tag-quilmes"],"_links":{"self":[{"href":"https:\/\/panoramadelsur.com.ar\/index.php?rest_route=\/wp\/v2\/posts\/56583","targetHints":{"allow":["GET"]}}],"collection":[{"href":"https:\/\/panoramadelsur.com.ar\/index.php?rest_route=\/wp\/v2\/posts"}],"about":[{"href":"https:\/\/panoramadelsur.com.ar\/index.php?rest_route=\/wp\/v2\/types\/post"}],"author":[{"embeddable":true,"href":"https:\/\/panoramadelsur.com.ar\/index.php?rest_route=\/wp\/v2\/users\/1"}],"replies":[{"embeddable":true,"href":"https:\/\/panoramadelsur.com.ar\/index.php?rest_route=%2Fwp%2Fv2%2Fcomments&post=56583"}],"version-history":[{"count":1,"href":"https:\/\/panoramadelsur.com.ar\/index.php?rest_route=\/wp\/v2\/posts\/56583\/revisions"}],"predecessor-version":[{"id":56585,"href":"https:\/\/panoramadelsur.com.ar\/index.php?rest_route=\/wp\/v2\/posts\/56583\/revisions\/56585"}],"wp:featuredmedia":[{"embeddable":true,"href":"https:\/\/panoramadelsur.com.ar\/index.php?rest_route=\/wp\/v2\/media\/56584"}],"wp:attachment":[{"href":"https:\/\/panoramadelsur.com.ar\/index.php?rest_route=%2Fwp%2Fv2%2Fmedia&parent=56583"}],"wp:term":[{"taxonomy":"category","embeddable":true,"href":"https:\/\/panoramadelsur.com.ar\/index.php?rest_route=%2Fwp%2Fv2%2Fcategories&post=56583"},{"taxonomy":"post_tag","embeddable":true,"href":"https:\/\/panoramadelsur.com.ar\/index.php?rest_route=%2Fwp%2Fv2%2Ftags&post=56583"}],"curies":[{"name":"wp","href":"https:\/\/api.w.org\/{rel}","templated":true}]}}