{"id":56629,"date":"2025-06-16T01:10:00","date_gmt":"2025-06-16T04:10:00","guid":{"rendered":"https:\/\/panoramadelsur.com.ar\/?p=56629"},"modified":"2025-06-15T21:10:42","modified_gmt":"2025-06-16T00:10:42","slug":"pintaron-el-jardin-de-infantes-n-919","status":"publish","type":"post","link":"https:\/\/panoramadelsur.com.ar\/?p=56629","title":{"rendered":"PINTARON EL JARD\u00cdN DE INFANTES N\u00b0 919"},"content":{"rendered":"\n<p>Con organizaci\u00f3n del Consejo Escolar de Berazategui, se llev\u00f3 a cabo una jornada de trabajo en el Jard\u00edn de Infantes N\u00b0 919, donde se pint\u00f3 el frente y el patio.<\/p>\n\n\n\n<p>Acompa\u00f1aron la actividad, los secretarios municipales de Cultura y Educaci\u00f3n, Federico L\u00f3pez; de Desarrollo Social, Recreaci\u00f3n, Turismo y Deportes, Mar\u00eda Laura Lacava; y de Servicios P\u00fablicos, Sergio Faccenda; adem\u00e1s del presidente del Consejo Escolar, Fernando Cardozo.<\/p>\n\n\n\n<p>\u201cDesde la Municipalidad, por impulso del intendente Juan Jos\u00e9 Mussi, caminamos las escuelas p\u00fablicas acompa\u00f1ando este tipo de jornadas\u201d, explic\u00f3 L\u00f3pez.<\/p>\n","protected":false},"excerpt":{"rendered":"<p>Con organizaci\u00f3n<\/p>\n","protected":false},"author":1,"featured_media":56630,"comment_status":"closed","ping_status":"closed","sticky":false,"template":"","format":"standard","meta":{"footnotes":""},"categories":[3],"tags":[40],"class_list":["post-56629","post","type-post","status-publish","format-standard","has-post-thumbnail","hentry","category-regionales","tag-berazategui"],"_links":{"self":[{"href":"https:\/\/panoramadelsur.com.ar\/index.php?rest_route=\/wp\/v2\/posts\/56629","targetHints":{"allow":["GET"]}}],"collection":[{"href":"https:\/\/panoramadelsur.com.ar\/index.php?rest_route=\/wp\/v2\/posts"}],"about":[{"href":"https:\/\/panoramadelsur.com.ar\/index.php?rest_route=\/wp\/v2\/types\/post"}],"author":[{"embeddable":true,"href":"https:\/\/panoramadelsur.com.ar\/index.php?rest_route=\/wp\/v2\/users\/1"}],"replies":[{"embeddable":true,"href":"https:\/\/panoramadelsur.com.ar\/index.php?rest_route=%2Fwp%2Fv2%2Fcomments&post=56629"}],"version-history":[{"count":1,"href":"https:\/\/panoramadelsur.com.ar\/index.php?rest_route=\/wp\/v2\/posts\/56629\/revisions"}],"predecessor-version":[{"id":56631,"href":"https:\/\/panoramadelsur.com.ar\/index.php?rest_route=\/wp\/v2\/posts\/56629\/revisions\/56631"}],"wp:featuredmedia":[{"embeddable":true,"href":"https:\/\/panoramadelsur.com.ar\/index.php?rest_route=\/wp\/v2\/media\/56630"}],"wp:attachment":[{"href":"https:\/\/panoramadelsur.com.ar\/index.php?rest_route=%2Fwp%2Fv2%2Fmedia&parent=56629"}],"wp:term":[{"taxonomy":"category","embeddable":true,"href":"https:\/\/panoramadelsur.com.ar\/index.php?rest_route=%2Fwp%2Fv2%2Fcategories&post=56629"},{"taxonomy":"post_tag","embeddable":true,"href":"https:\/\/panoramadelsur.com.ar\/index.php?rest_route=%2Fwp%2Fv2%2Ftags&post=56629"}],"curies":[{"name":"wp","href":"https:\/\/api.w.org\/{rel}","templated":true}]}}