{"id":56782,"date":"2025-08-01T01:04:00","date_gmt":"2025-08-01T04:04:00","guid":{"rendered":"https:\/\/panoramadelsur.com.ar\/?p=56782"},"modified":"2025-08-01T20:15:21","modified_gmt":"2025-08-01T23:15:21","slug":"barrio-3-de-junio-la-obra-de-recambio-del-colector-cloacal-ya-avanzo-en-un-50","status":"publish","type":"post","link":"https:\/\/panoramadelsur.com.ar\/?p=56782","title":{"rendered":"BARRIO 3 DE JUNIO: LA OBRA DE RECAMBIO DEL COLECTOR CLOACAL YA AVANZ\u00d3 EN UN 50%"},"content":{"rendered":"\n<p><strong>Gracias al financiamiento del Gobierno de la provincia de Buenos Aires -encabezado por Axel Kicillof- y la gesti\u00f3n del intendente de Berazategui, Juan Jos\u00e9 Mussi, contin\u00faan las obras de recambio del colector cloacal en el barrio 3 de Junio. Este trabajo generar\u00e1 importantes beneficios a m\u00e1s de 13 mil vecinos y vecinas de esa zona y de las cercan\u00edas.<\/strong><\/p>\n\n\n\n<p>\u201cEsta obra fue una iniciativa del intendente Mussi, a ra\u00edz de la construcci\u00f3n de viviendas que est\u00e1 llevando a cabo el Gobierno provincial en el barrio 3 de Junio\u201d, explic\u00f3 el secretario de Servicios P\u00fablicos municipal, Sergio Faccenda. Y a\u00f1adi\u00f3: \u201cEl colector cloacal anterior hab\u00eda quedado obsoleto y eso generar\u00eda dificultades con la edificaci\u00f3n de las casas, as\u00ed que r\u00e1pidamente presentamos este proyecto. El gobernador Axel Kicillof acept\u00f3 dar comienzo a esta obra y aqu\u00ed estamos trabajando para mejorar la infraestructura\u201d.<\/p>\n\n\n\n<p>El objetivo es cambiar toda la ca\u00f1er\u00eda del colector principal que recibe los desechos cloacales del barrio y, adem\u00e1s, hacer una estaci\u00f3n de bombeo. Los trabajos ya avanzaron en un 50% y beneficiar\u00e1n a m\u00e1s de 13 mil habitantes. \u201cSin dudas, esto es posible gracias a un Estado provincial y municipal presentes, que mejoran los servicios y la calidad de vida de los vecinos y vecinas\u201d, concluy\u00f3 Faccenda.<\/p>\n","protected":false},"excerpt":{"rendered":"<p>Gracias al<\/p>\n","protected":false},"author":1,"featured_media":56783,"comment_status":"closed","ping_status":"closed","sticky":false,"template":"","format":"standard","meta":{"footnotes":""},"categories":[10,3],"tags":[40],"class_list":["post-56782","post","type-post","status-publish","format-standard","has-post-thumbnail","hentry","category-mas-noticias","category-regionales","tag-berazategui"],"_links":{"self":[{"href":"https:\/\/panoramadelsur.com.ar\/index.php?rest_route=\/wp\/v2\/posts\/56782","targetHints":{"allow":["GET"]}}],"collection":[{"href":"https:\/\/panoramadelsur.com.ar\/index.php?rest_route=\/wp\/v2\/posts"}],"about":[{"href":"https:\/\/panoramadelsur.com.ar\/index.php?rest_route=\/wp\/v2\/types\/post"}],"author":[{"embeddable":true,"href":"https:\/\/panoramadelsur.com.ar\/index.php?rest_route=\/wp\/v2\/users\/1"}],"replies":[{"embeddable":true,"href":"https:\/\/panoramadelsur.com.ar\/index.php?rest_route=%2Fwp%2Fv2%2Fcomments&post=56782"}],"version-history":[{"count":1,"href":"https:\/\/panoramadelsur.com.ar\/index.php?rest_route=\/wp\/v2\/posts\/56782\/revisions"}],"predecessor-version":[{"id":56784,"href":"https:\/\/panoramadelsur.com.ar\/index.php?rest_route=\/wp\/v2\/posts\/56782\/revisions\/56784"}],"wp:featuredmedia":[{"embeddable":true,"href":"https:\/\/panoramadelsur.com.ar\/index.php?rest_route=\/wp\/v2\/media\/56783"}],"wp:attachment":[{"href":"https:\/\/panoramadelsur.com.ar\/index.php?rest_route=%2Fwp%2Fv2%2Fmedia&parent=56782"}],"wp:term":[{"taxonomy":"category","embeddable":true,"href":"https:\/\/panoramadelsur.com.ar\/index.php?rest_route=%2Fwp%2Fv2%2Fcategories&post=56782"},{"taxonomy":"post_tag","embeddable":true,"href":"https:\/\/panoramadelsur.com.ar\/index.php?rest_route=%2Fwp%2Fv2%2Ftags&post=56782"}],"curies":[{"name":"wp","href":"https:\/\/api.w.org\/{rel}","templated":true}]}}