{"id":56806,"date":"2025-08-01T08:57:00","date_gmt":"2025-08-01T11:57:00","guid":{"rendered":"https:\/\/panoramadelsur.com.ar\/?p=56806"},"modified":"2025-08-01T20:59:38","modified_gmt":"2025-08-01T23:59:38","slug":"el-enojo-de-franco-colapinto-con-oliver-bearman-en-las-practicas-libres-que-idiota","status":"publish","type":"post","link":"https:\/\/panoramadelsur.com.ar\/?p=56806","title":{"rendered":"EL ENOJO DE FRANCO COLAPINTO CON OLIVER BEARMAN EN LAS PR\u00c1CTICAS LIBRES: \u00abQUE IDIOTA\u00bb"},"content":{"rendered":"\n<p>El argentino Franco Colapinto termin\u00f3 el viernes de entrenamientos en Hungaroring con un notable enojo ya que en la segunda pr\u00e1ctica libre, cuando buscaba su mejor intento con neum\u00e1ticos blandos, el pilarense se top\u00f3 con el Haas de Oliver Bearman en la zona r\u00e1pida previa a la chicana.<\/p>\n\n\n\n<p>El brit\u00e1nico, que rodaba lento para preparar vuelta, se qued\u00f3 en la trayectoria ideal y oblig\u00f3 al piloto de Alpine a abortar su giro. \u201c\u00a1Qu\u00e9 idiota!\u201d, grit\u00f3 Colapinto por radio, visiblemente furioso, mientras su ingeniero Stuart Barlow le respondi\u00f3: \u201cS\u00ed, no s\u00e9 qu\u00e9 estaba haciendo ah\u00ed\u201d.<\/p>\n\n\n\n<p>El enojo no finaliz\u00f3 ah\u00ed, ya que por parte de los comisarios de la carrera no investigaron lo ocurrido y Bearman no recibi\u00f3 ninguna sanci\u00f3n por lo ocurrido con Colapinto, lo cual gener\u00f3 pol\u00e9mica en el equipo franc\u00e9s.<\/p>\n\n\n\n<p>El mal momento lleg\u00f3 en una jornada ya complicada para Alpine, donde el argentino hab\u00eda marcado un tiempo 1:17.959 en la primera pr\u00e1ctica libre y baj\u00f3 a 1:17.163 en la segunda, pero aun as\u00ed qued\u00f3 lejos de la zona media.<\/p>\n\n\n\n<p>\u201cNo encontramos grip; nos est\u00e1 costando mucho\u201d, reconoci\u00f3 el piloto nacido en Pilar. Seg\u00fan explic\u00f3, el equipo prob\u00f3 dos configuraciones distintas en los monoplazas, pero ninguna rindi\u00f3: \u201cTanto Pierre [Gasly] como yo tomamos direcciones diferentes y no funcionaron. Hay que analizar bien esta noche\u201d.<\/p>\n\n\n\n<p>Colapinto volver\u00e1 a la pista este s\u00e1bado a las 7.30 de la ma\u00f1ana (hora argentina) en el marco de la \u00faltima pr\u00e1ctica libre y a las 11 se enfrentar\u00e1 a la clasificaci\u00f3n para la carrera del domingo a las 10 horas.<\/p>\n","protected":false},"excerpt":{"rendered":"<p>El argentino<\/p>\n","protected":false},"author":1,"featured_media":56807,"comment_status":"closed","ping_status":"closed","sticky":false,"template":"","format":"standard","meta":{"footnotes":""},"categories":[6],"tags":[],"class_list":["post-56806","post","type-post","status-publish","format-standard","has-post-thumbnail","hentry","category-deportes"],"_links":{"self":[{"href":"https:\/\/panoramadelsur.com.ar\/index.php?rest_route=\/wp\/v2\/posts\/56806","targetHints":{"allow":["GET"]}}],"collection":[{"href":"https:\/\/panoramadelsur.com.ar\/index.php?rest_route=\/wp\/v2\/posts"}],"about":[{"href":"https:\/\/panoramadelsur.com.ar\/index.php?rest_route=\/wp\/v2\/types\/post"}],"author":[{"embeddable":true,"href":"https:\/\/panoramadelsur.com.ar\/index.php?rest_route=\/wp\/v2\/users\/1"}],"replies":[{"embeddable":true,"href":"https:\/\/panoramadelsur.com.ar\/index.php?rest_route=%2Fwp%2Fv2%2Fcomments&post=56806"}],"version-history":[{"count":1,"href":"https:\/\/panoramadelsur.com.ar\/index.php?rest_route=\/wp\/v2\/posts\/56806\/revisions"}],"predecessor-version":[{"id":56808,"href":"https:\/\/panoramadelsur.com.ar\/index.php?rest_route=\/wp\/v2\/posts\/56806\/revisions\/56808"}],"wp:featuredmedia":[{"embeddable":true,"href":"https:\/\/panoramadelsur.com.ar\/index.php?rest_route=\/wp\/v2\/media\/56807"}],"wp:attachment":[{"href":"https:\/\/panoramadelsur.com.ar\/index.php?rest_route=%2Fwp%2Fv2%2Fmedia&parent=56806"}],"wp:term":[{"taxonomy":"category","embeddable":true,"href":"https:\/\/panoramadelsur.com.ar\/index.php?rest_route=%2Fwp%2Fv2%2Fcategories&post=56806"},{"taxonomy":"post_tag","embeddable":true,"href":"https:\/\/panoramadelsur.com.ar\/index.php?rest_route=%2Fwp%2Fv2%2Ftags&post=56806"}],"curies":[{"name":"wp","href":"https:\/\/api.w.org\/{rel}","templated":true}]}}