{"id":56821,"date":"2025-08-01T21:20:38","date_gmt":"2025-08-02T00:20:38","guid":{"rendered":"https:\/\/panoramadelsur.com.ar\/?p=56821"},"modified":"2025-08-01T21:20:39","modified_gmt":"2025-08-02T00:20:39","slug":"andres-watson-trabajamos-para-mejorar-la-calidad-de-vida-de-los-y-las-varelenses-con-obras-estrategicas-e-integrales","status":"publish","type":"post","link":"https:\/\/panoramadelsur.com.ar\/?p=56821","title":{"rendered":"ANDR\u00c9S WATSON: \u201cTRABAJAMOS PARA MEJORAR LA CALIDAD DE VIDA DE LOS Y LAS VARELENSES CON OBRAS ESTRAT\u00c9GICAS E INTEGRALES\u201d"},"content":{"rendered":"\n<p>La m\u00e1xima autoridad distrital -Andr\u00e9s Watson- supervis\u00f3, junto a frentistas, los avances en la repavimentaci\u00f3n y ampliaci\u00f3n de la calle Cariboni el jueves por la ma\u00f1ana.<\/p>\n\n\n\n<p>El Jefe Comunal resalt\u00f3 \u201cla evoluci\u00f3n del 25% en las tareas sobre una arteria vehicular importante, con la colocaci\u00f3n de un doble hormig\u00f3n reforzado para el tr\u00e1nsito pesado m\u00e1s la instalaci\u00f3n de luces LED y se\u00f1alizaci\u00f3n\u201d.<\/p>\n\n\n\n<p>\u201cTrabajamos para mejorar la calidad de vida de los y las varelenses con obras estrat\u00e9gicas e integrales\u201d, ratific\u00f3 el Alcalde. Remarc\u00f3 \u201cla decisi\u00f3n pol\u00edtica del gobernador, Axel Kicillof: ejecutar intervenciones en beneficio de la comunidad frente a un gobierno nacional ausente\u201d.<\/p>\n\n\n\n<p>Juan Mendoza -comerciante con m\u00e1s de tres d\u00e9cadas en Infico- expres\u00f3: \u201cAntes, el camino era muy angosto, oscuro e inseguro, pero estas labores significaron un gran progreso, incluso pusieron nueva iluminaci\u00f3n\u201d. Celebr\u00f3 \u201cla gesti\u00f3n del Intendente, su esfuerzo y preocupaci\u00f3n por la gente a pesar de la complicada situaci\u00f3n del pa\u00eds\u201d.<\/p>\n\n\n\n<p>Marcela Baz\u00e1n -vecina- comparti\u00f3: \u201cMe puse contenta. Era algo necesario, no solo por las zonas aleda\u00f1as sino para las personas en general\u201d. Not\u00f3 \u201cgrandes adelantos en el lugar\u201d y valor\u00f3 \u201cel acompa\u00f1amiento del Municipio: su presencia en los barrios\u201d.<\/p>\n\n\n\n<p>La joven Valentina Aguirre calific\u00f3 el accionar como \u201cbueno, \u00fatil debido a la circulaci\u00f3n constante de autos y camiones\u201d. \u201cDesde que era chiquita, siempre pasaba por ac\u00e1. Era muy peligroso. Esto trajo m\u00e1s tranquilidad\u201d, sentenci\u00f3.<\/p>\n\n\n\n<p>Estuvo el secretario de Obras, Servicios P\u00fablicos, Ambiente y Planificaci\u00f3n Urbana -Diego Trejo-; la subsecretaria de Prensa y Comunicaci\u00f3n -Noelia Pi\u00f1eiro-.<\/p>\n","protected":false},"excerpt":{"rendered":"<p>La m\u00e1xima<\/p>\n","protected":false},"author":1,"featured_media":56822,"comment_status":"closed","ping_status":"closed","sticky":false,"template":"","format":"standard","meta":{"footnotes":""},"categories":[3],"tags":[30],"class_list":["post-56821","post","type-post","status-publish","format-standard","has-post-thumbnail","hentry","category-regionales","tag-varela"],"_links":{"self":[{"href":"https:\/\/panoramadelsur.com.ar\/index.php?rest_route=\/wp\/v2\/posts\/56821","targetHints":{"allow":["GET"]}}],"collection":[{"href":"https:\/\/panoramadelsur.com.ar\/index.php?rest_route=\/wp\/v2\/posts"}],"about":[{"href":"https:\/\/panoramadelsur.com.ar\/index.php?rest_route=\/wp\/v2\/types\/post"}],"author":[{"embeddable":true,"href":"https:\/\/panoramadelsur.com.ar\/index.php?rest_route=\/wp\/v2\/users\/1"}],"replies":[{"embeddable":true,"href":"https:\/\/panoramadelsur.com.ar\/index.php?rest_route=%2Fwp%2Fv2%2Fcomments&post=56821"}],"version-history":[{"count":1,"href":"https:\/\/panoramadelsur.com.ar\/index.php?rest_route=\/wp\/v2\/posts\/56821\/revisions"}],"predecessor-version":[{"id":56823,"href":"https:\/\/panoramadelsur.com.ar\/index.php?rest_route=\/wp\/v2\/posts\/56821\/revisions\/56823"}],"wp:featuredmedia":[{"embeddable":true,"href":"https:\/\/panoramadelsur.com.ar\/index.php?rest_route=\/wp\/v2\/media\/56822"}],"wp:attachment":[{"href":"https:\/\/panoramadelsur.com.ar\/index.php?rest_route=%2Fwp%2Fv2%2Fmedia&parent=56821"}],"wp:term":[{"taxonomy":"category","embeddable":true,"href":"https:\/\/panoramadelsur.com.ar\/index.php?rest_route=%2Fwp%2Fv2%2Fcategories&post=56821"},{"taxonomy":"post_tag","embeddable":true,"href":"https:\/\/panoramadelsur.com.ar\/index.php?rest_route=%2Fwp%2Fv2%2Ftags&post=56821"}],"curies":[{"name":"wp","href":"https:\/\/api.w.org\/{rel}","templated":true}]}}