{"id":56933,"date":"2025-09-18T01:05:00","date_gmt":"2025-09-18T04:05:00","guid":{"rendered":"https:\/\/panoramadelsur.com.ar\/?p=56933"},"modified":"2025-09-15T21:40:50","modified_gmt":"2025-09-16T00:40:50","slug":"la-uba-en-su-peor-momento-no-usaran-aires-acondicionadores-ni-gas-en-caldera-y-se-restringen-los-ascensores","status":"publish","type":"post","link":"https:\/\/panoramadelsur.com.ar\/?p=56933","title":{"rendered":"LA UBA EN SU PEOR MOMENTO: NO USAR\u00c1N AIRES ACONDICIONADORES NI GAS EN CALDERA Y SE RESTRINGEN LOS ASCENSORES"},"content":{"rendered":"\n<p><strong><em>Por Antonio D&#8217;Eramo (*)<\/em><\/strong><\/p>\n\n\n\n<p>Una alta fuente del rectorado de la UBA le dijo a NA: \u201cNo hay m\u00e1s plata en serio\u201d. La frase refleja la preocupaci\u00f3n por la paralizaci\u00f3n parcial de la Universidad de Buenos Aires, que enfrenta restricciones presupuestarias desde la llegada de la administraci\u00f3n de Javier Milei.<\/p>\n\n\n\n<p>Seg\u00fan el secretario de Hacienda, Mat\u00edas A. Ruiz, se firm\u00f3 un plan de restricci\u00f3n de gastos operativos sin precedentes en a\u00f1os recientes, incluso frente a anteriores crisis econ\u00f3micas del pa\u00eds.<\/p>\n\n\n\n<p>Entre las medidas que afectar\u00e1n a estudiantes, docentes y personal de la UBA se destacan:<\/p>\n\n\n\n<p>Prohibici\u00f3n del uso de los servicios de acondicionamiento de aire (fr\u00edo\/calor) en los edificios universitarios, excepto en los hospitales universitarios para la atenci\u00f3n de pacientes y en los sectores donde sea imprescindible para el correcto funcionamiento de equipos e infraestructura tecnol\u00f3gica.<br>Restricci\u00f3n en el uso de ascensores: podr\u00e1n utilizarlos \u00fanicamente personas con movilidad reducida y en casos de asistencia o emergencia.<br>Prohibici\u00f3n del uso de servicios de gas en calderas de los edificios, salvo en hospitales universitarios por atenci\u00f3n de pacientes y en \u00e1reas donde sea necesario para equipos e infraestructura tecnol\u00f3gica.<br>Las convocatorias a programas de investigaci\u00f3n, ciencia y t\u00e9cnica y extensi\u00f3n universitaria quedar\u00e1n condicionadas a la disponibilidad efectiva de presupuesto.<br>Las acciones del Programa UBA en Acci\u00f3n se limitar\u00e1n a las financiadas por organismos externos o por aportes privados.<br>Estas restricciones permanecer\u00e1n vigentes mientras el veto que motiv\u00f3 el recorte no sea rechazado por las autoridades legislativas, por lo que es probable que se mantengan durante el cuatrimestre en curso.<\/p>\n\n\n\n<p>Impacto: la medida pone en jaque el normal funcionamiento acad\u00e9mico y de investigaci\u00f3n de una de las principales casas de altos estudios de la regi\u00f3n, amenaza la continuidad de proyectos cient\u00edficos y fuerza a la comunidad universitaria a buscar financiamiento externo urgente.<\/p>\n\n\n\n<p><strong><em>(*) Periodista, editor, y conductor de radio. Curioso por naturaleza.<\/em><\/strong><\/p>\n\n\n\n<p>Fuente: Noticias Argentinas<\/p>\n","protected":false},"excerpt":{"rendered":"<p>Por Antonio<\/p>\n","protected":false},"author":1,"featured_media":56934,"comment_status":"closed","ping_status":"closed","sticky":false,"template":"","format":"standard","meta":{"footnotes":""},"categories":[4,7],"tags":[59],"class_list":["post-56933","post","type-post","status-publish","format-standard","has-post-thumbnail","hentry","category-nacionales","category-opinion","tag-nacionales"],"_links":{"self":[{"href":"https:\/\/panoramadelsur.com.ar\/index.php?rest_route=\/wp\/v2\/posts\/56933","targetHints":{"allow":["GET"]}}],"collection":[{"href":"https:\/\/panoramadelsur.com.ar\/index.php?rest_route=\/wp\/v2\/posts"}],"about":[{"href":"https:\/\/panoramadelsur.com.ar\/index.php?rest_route=\/wp\/v2\/types\/post"}],"author":[{"embeddable":true,"href":"https:\/\/panoramadelsur.com.ar\/index.php?rest_route=\/wp\/v2\/users\/1"}],"replies":[{"embeddable":true,"href":"https:\/\/panoramadelsur.com.ar\/index.php?rest_route=%2Fwp%2Fv2%2Fcomments&post=56933"}],"version-history":[{"count":2,"href":"https:\/\/panoramadelsur.com.ar\/index.php?rest_route=\/wp\/v2\/posts\/56933\/revisions"}],"predecessor-version":[{"id":56945,"href":"https:\/\/panoramadelsur.com.ar\/index.php?rest_route=\/wp\/v2\/posts\/56933\/revisions\/56945"}],"wp:featuredmedia":[{"embeddable":true,"href":"https:\/\/panoramadelsur.com.ar\/index.php?rest_route=\/wp\/v2\/media\/56934"}],"wp:attachment":[{"href":"https:\/\/panoramadelsur.com.ar\/index.php?rest_route=%2Fwp%2Fv2%2Fmedia&parent=56933"}],"wp:term":[{"taxonomy":"category","embeddable":true,"href":"https:\/\/panoramadelsur.com.ar\/index.php?rest_route=%2Fwp%2Fv2%2Fcategories&post=56933"},{"taxonomy":"post_tag","embeddable":true,"href":"https:\/\/panoramadelsur.com.ar\/index.php?rest_route=%2Fwp%2Fv2%2Ftags&post=56933"}],"curies":[{"name":"wp","href":"https:\/\/api.w.org\/{rel}","templated":true}]}}