{"id":56950,"date":"2025-09-29T01:02:00","date_gmt":"2025-09-29T04:02:00","guid":{"rendered":"https:\/\/panoramadelsur.com.ar\/?p=56950"},"modified":"2025-09-28T19:33:38","modified_gmt":"2025-09-28T22:33:38","slug":"triple-crimen-de-florencio-varela-trasladaron-al-quinto-sospechoso-desde-bolivia","status":"publish","type":"post","link":"https:\/\/panoramadelsur.com.ar\/?p=56950","title":{"rendered":"TRIPLE CRIMEN DE FLORENCIO VARELA: TRASLADARON AL QUINTO SOSPECHOSO DESDE BOLIVIA"},"content":{"rendered":"\n<p>La Polic\u00eda Federal Argentina traslad\u00f3 a Buenos Aires al peruano L\u00e1zaro V\u00edctor Sotacuro, se\u00f1alado como el quinto detenido por el triple crimen de Florencio Varela.<\/p>\n\n\n\n<p>Seg\u00fan el parte al que accedio la Agencia Noticias Argentinas, tras haber recibido el viernes el alerta de dos pedidos de captura, se activ\u00f3 luego un operativo conjunto con las autoridades bolivianas y de Jujuy, por lo que la Brigada de Investigaciones revis\u00f3 las c\u00e1maras de la vieja terminal de colectivos de San Salvador y analiz\u00f3 las listas de pasajeros de los tours de compras.<\/p>\n\n\n\n<p>All\u00ed, los agentes confirmaron que Sotacuro hab\u00eda llegado el mi\u00e9rcoles por la noche en un micro proveniente de Buenos Aires.<\/p>\n\n\n\n<p>La Polic\u00eda de Jujuy comenz\u00f3 la b\u00fasqueda en hoteles de la provincia y avis\u00f3 a la Polic\u00eda Nacional de Bolivia, con la que mantiene un v\u00ednculo de cooperaci\u00f3n.<\/p>\n\n\n\n<p>Asimismo, la polic\u00eda boliviana encontr\u00f3 a Sotacuro el viernes a la noche en un hotel de la ciudad de Villaz\u00f3n y lo detuvo.<\/p>\n\n\n\n<p>La Polic\u00eda Federal Argentina lo traslad\u00f3 este s\u00e1bado en un avi\u00f3n oficial al aeropuerto de Ezeiza y lo puso a disposici\u00f3n de la Justicia bonaerense.<\/p>\n\n\n\n<h2 class=\"wp-block-heading\">El triple crimen de Florencio Varela<\/h2>\n\n\n\n<p>Tres j\u00f3venes amigas de Florencio Varela -Lara Guti\u00e9rrez (15 a\u00f1os) y las primas Brenda del Castillo (20) y Morena Verri (20)- murieron asesinadas el viernes 19 de septiembre y los cuerpos fueron hallados el mi\u00e9rcoles pasado enterrados en bolsas de consorcio en tres pozos, desmembrados y con signos de haber sido torturados.<\/p>\n\n\n\n<p>La Unidad Funcional de Instrucci\u00f3n n\u00famero 2 de La Matanza determin\u00f3 que las j\u00f3venes fueron enga\u00f1adas con una cita que funcion\u00f3 como anzuelo hacia una fiesta que les promet\u00eda 300 d\u00f3lares la noche a cada una.<\/p>\n\n\n\n<p>Las pruebas, que incluyen an\u00e1lisis de tel\u00e9fonos y c\u00e1maras de seguridad, se\u00f1alan a una organizaci\u00f3n vinculada al narcotr\u00e1fico como autora del crimen.<\/p>\n\n\n\n<h2 class=\"wp-block-heading\">La banda y el \u00fanico pr\u00f3fugo<\/h2>\n\n\n\n<p>La Justicia bonaerense detuvo el mismo d\u00eda del hallazgo a cuatro sospechosos: Miguel \u00c1ngel Villanueva Silva, de 27 a\u00f1os y de nacionalidad peruana, Iara Daniela Ibarra, de 19,Andr\u00e9s Maximiliano Parra, de 18, y Magal\u00ed Celeste Gonz\u00e1lez Guerrero, de 28, estos tres \u00faltimos argentinos.<\/p>\n\n\n\n<p>En tanto, el s\u00e1bado por la noche se conoci\u00f3 que fue apresado Ariel Gim\u00e9nez, de 29 a\u00f1os, tras una serie de allanamientos que se llevaron a cabo en Florencio Varela y en Isidro Casanova, en la zona oeste.<\/p>\n\n\n\n<p>La Polic\u00eda Federal, por medio de Interpol, busca a \u201cPeque\u00f1o J\u201d, un narco de origen peruano acusado de ser el autor intelectual del triple femicidio, y hasta el momento, las autoridades creen que el pr\u00f3fugo podr\u00eda haberse refugiado en el exterior, por lo que mantienen activo el pedido de captura internacional.<\/p>\n","protected":false},"excerpt":{"rendered":"<p>La Polic\u00eda<\/p>\n","protected":false},"author":1,"featured_media":56951,"comment_status":"closed","ping_status":"closed","sticky":false,"template":"","format":"standard","meta":{"footnotes":""},"categories":[1,3],"tags":[],"class_list":["post-56950","post","type-post","status-publish","format-standard","has-post-thumbnail","hentry","category-destacados","category-regionales"],"_links":{"self":[{"href":"https:\/\/panoramadelsur.com.ar\/index.php?rest_route=\/wp\/v2\/posts\/56950","targetHints":{"allow":["GET"]}}],"collection":[{"href":"https:\/\/panoramadelsur.com.ar\/index.php?rest_route=\/wp\/v2\/posts"}],"about":[{"href":"https:\/\/panoramadelsur.com.ar\/index.php?rest_route=\/wp\/v2\/types\/post"}],"author":[{"embeddable":true,"href":"https:\/\/panoramadelsur.com.ar\/index.php?rest_route=\/wp\/v2\/users\/1"}],"replies":[{"embeddable":true,"href":"https:\/\/panoramadelsur.com.ar\/index.php?rest_route=%2Fwp%2Fv2%2Fcomments&post=56950"}],"version-history":[{"count":1,"href":"https:\/\/panoramadelsur.com.ar\/index.php?rest_route=\/wp\/v2\/posts\/56950\/revisions"}],"predecessor-version":[{"id":56952,"href":"https:\/\/panoramadelsur.com.ar\/index.php?rest_route=\/wp\/v2\/posts\/56950\/revisions\/56952"}],"wp:featuredmedia":[{"embeddable":true,"href":"https:\/\/panoramadelsur.com.ar\/index.php?rest_route=\/wp\/v2\/media\/56951"}],"wp:attachment":[{"href":"https:\/\/panoramadelsur.com.ar\/index.php?rest_route=%2Fwp%2Fv2%2Fmedia&parent=56950"}],"wp:term":[{"taxonomy":"category","embeddable":true,"href":"https:\/\/panoramadelsur.com.ar\/index.php?rest_route=%2Fwp%2Fv2%2Fcategories&post=56950"},{"taxonomy":"post_tag","embeddable":true,"href":"https:\/\/panoramadelsur.com.ar\/index.php?rest_route=%2Fwp%2Fv2%2Ftags&post=56950"}],"curies":[{"name":"wp","href":"https:\/\/api.w.org\/{rel}","templated":true}]}}