{"id":56956,"date":"2025-09-29T01:02:00","date_gmt":"2025-09-29T04:02:00","guid":{"rendered":"https:\/\/panoramadelsur.com.ar\/?p=56956"},"modified":"2025-09-28T19:44:06","modified_gmt":"2025-09-28T22:44:06","slug":"caida-libre-del-transporte-usuarios-de-colectivos-viajan-22-menos-por-tarifas-e-inseguridad","status":"publish","type":"post","link":"https:\/\/panoramadelsur.com.ar\/?p=56956","title":{"rendered":"CA\u00cdDA LIBRE DEL TRANSPORTE: USUARIOS DE COLECTIVOS VIAJAN 22% MENOS POR TARIFAS E INSEGURIDAD"},"content":{"rendered":"\n<p>El uso del transporte p\u00fablico en el \u00c1rea Metropolitana de Buenos Aires (AMBA) sufri\u00f3 una ca\u00edda de hasta el 22% en la cantidad de usuarios, impulsada no solo por el impacto del costo del boleto en la econom\u00eda familiar, sino tambi\u00e9n por la creciente inseguridad en el conurbano. As\u00ed lo afirm\u00f3 Marcelo Pasciuto, director del Grupo DOTA Transporte, quien detall\u00f3 el cambio en los h\u00e1bitos de movilidad.<\/p>\n\n\n\n<p>Pasciuto indic\u00f3 que la realidad del colectivo se ve afectada por un doble factor. Por un lado, el valor del pasaje oblig\u00f3 a las personas a buscar alternativas como la bicicleta o el desplazamiento a pie. Por el otro, la inseguridad act\u00faa como un gran disuasivo, especialmente por las noches.<\/p>\n\n\n\n<p>\u00abBaj\u00f3 la cantidad de usuarios, tambi\u00e9n hay que tener en cuenta la inseguridad, el transporte colectivo, sobre todo en el conurbano, despu\u00e9s de las 21 horas casi es nulo,\u00bb asever\u00f3 el empresario en di\u00e1logo con Radio Rivadavia.<\/p>\n\n\n\n<p>El director de DOTA explic\u00f3 que, ante el riesgo, los pasajeros \u00abdeciden viajar por otros medios tomando Uber, sobre todo\u00bb. Incluso, destac\u00f3 el cambio en los j\u00f3venes: \u00abCualquier adolescente junta un par de amiguitos, si contrata un Uber\u00bb en lugar de utilizar el colectivo.<\/p>\n\n\n\n<p>Finalmente, Pasciuto concluy\u00f3 que el factor de riesgo es una preocupaci\u00f3n central, ya que la gente asume un gran peligro al esperar el transporte p\u00fablico: \u00abLa inseguridad es uno de los m\u00e1s grandes problemas en el conurbano. O sea, vos te par\u00e1s en una ruta a esperar un colectivo con miedo\u00bb.<\/p>\n","protected":false},"excerpt":{"rendered":"<p>El uso<\/p>\n","protected":false},"author":1,"featured_media":56957,"comment_status":"closed","ping_status":"closed","sticky":false,"template":"","format":"standard","meta":{"footnotes":""},"categories":[10,4],"tags":[59],"class_list":["post-56956","post","type-post","status-publish","format-standard","has-post-thumbnail","hentry","category-mas-noticias","category-nacionales","tag-nacionales"],"_links":{"self":[{"href":"https:\/\/panoramadelsur.com.ar\/index.php?rest_route=\/wp\/v2\/posts\/56956","targetHints":{"allow":["GET"]}}],"collection":[{"href":"https:\/\/panoramadelsur.com.ar\/index.php?rest_route=\/wp\/v2\/posts"}],"about":[{"href":"https:\/\/panoramadelsur.com.ar\/index.php?rest_route=\/wp\/v2\/types\/post"}],"author":[{"embeddable":true,"href":"https:\/\/panoramadelsur.com.ar\/index.php?rest_route=\/wp\/v2\/users\/1"}],"replies":[{"embeddable":true,"href":"https:\/\/panoramadelsur.com.ar\/index.php?rest_route=%2Fwp%2Fv2%2Fcomments&post=56956"}],"version-history":[{"count":1,"href":"https:\/\/panoramadelsur.com.ar\/index.php?rest_route=\/wp\/v2\/posts\/56956\/revisions"}],"predecessor-version":[{"id":56958,"href":"https:\/\/panoramadelsur.com.ar\/index.php?rest_route=\/wp\/v2\/posts\/56956\/revisions\/56958"}],"wp:featuredmedia":[{"embeddable":true,"href":"https:\/\/panoramadelsur.com.ar\/index.php?rest_route=\/wp\/v2\/media\/56957"}],"wp:attachment":[{"href":"https:\/\/panoramadelsur.com.ar\/index.php?rest_route=%2Fwp%2Fv2%2Fmedia&parent=56956"}],"wp:term":[{"taxonomy":"category","embeddable":true,"href":"https:\/\/panoramadelsur.com.ar\/index.php?rest_route=%2Fwp%2Fv2%2Fcategories&post=56956"},{"taxonomy":"post_tag","embeddable":true,"href":"https:\/\/panoramadelsur.com.ar\/index.php?rest_route=%2Fwp%2Fv2%2Ftags&post=56956"}],"curies":[{"name":"wp","href":"https:\/\/api.w.org\/{rel}","templated":true}]}}