{"id":56995,"date":"2025-10-03T08:48:56","date_gmt":"2025-10-03T11:48:56","guid":{"rendered":"https:\/\/panoramadelsur.com.ar\/?p=56995"},"modified":"2025-10-03T08:48:56","modified_gmt":"2025-10-03T11:48:56","slug":"las-juventudes-de-berazategui-vivieron-un-encuentro-en-el-paseo-de-la-memoria","status":"publish","type":"post","link":"https:\/\/panoramadelsur.com.ar\/?p=56995","title":{"rendered":"LAS JUVENTUDES DE BERAZATEGUI VIVIERON UN ENCUENTRO EN EL PASEO DE LA MEMORIA\u00a0"},"content":{"rendered":"\n<p>El domingo 28 de septiembre se realiz\u00f3 el Festival Primavera Bonaerense, organizado por el Gobierno de la provincia de Buenos Aires, con la colaboraci\u00f3n de la Municipalidad de Berazategui. De esta manera, las juventudes disfrutaron de una tarde de encuentro en el Paseo de la Memoria, donde hubo varias actividades para todos los gustos.<\/p>\n\n\n\n<p>La directora de Juventudes bonaerense, Ayel\u00e9n L\u00f3pez, indic\u00f3: \u201cOrganizamos este festival para cerrar el Mes de las Juventudes. Estamos muy contentos, festejando la primavera en este hermoso espacio. Agradecemos a la Municipalidad de Berazategui y desde el Gobierno bonaerense vamos a seguir acompa\u00f1ando a todos los pibes y las pibas de la Provincia\u201d.<\/p>\n\n\n\n<p>Durante el encuentro festivo, las y los j\u00f3venes compartieron juegos, recreaci\u00f3n, una radio abierta, un espacio de serigraf\u00eda y la presentaci\u00f3n de la banda Cafund\u00f3.<\/p>\n\n\n\n<p>Adem\u00e1s, se instalaron stands de la Direcci\u00f3n provincial y de la Subsecretar\u00eda municipal de Juventudes, que brindaron informaci\u00f3n de inter\u00e9s juvenil.<\/p>\n","protected":false},"excerpt":{"rendered":"<p>El domingo<\/p>\n","protected":false},"author":1,"featured_media":56996,"comment_status":"closed","ping_status":"closed","sticky":false,"template":"","format":"standard","meta":{"footnotes":""},"categories":[3],"tags":[40],"class_list":["post-56995","post","type-post","status-publish","format-standard","has-post-thumbnail","hentry","category-regionales","tag-berazategui"],"_links":{"self":[{"href":"https:\/\/panoramadelsur.com.ar\/index.php?rest_route=\/wp\/v2\/posts\/56995","targetHints":{"allow":["GET"]}}],"collection":[{"href":"https:\/\/panoramadelsur.com.ar\/index.php?rest_route=\/wp\/v2\/posts"}],"about":[{"href":"https:\/\/panoramadelsur.com.ar\/index.php?rest_route=\/wp\/v2\/types\/post"}],"author":[{"embeddable":true,"href":"https:\/\/panoramadelsur.com.ar\/index.php?rest_route=\/wp\/v2\/users\/1"}],"replies":[{"embeddable":true,"href":"https:\/\/panoramadelsur.com.ar\/index.php?rest_route=%2Fwp%2Fv2%2Fcomments&post=56995"}],"version-history":[{"count":1,"href":"https:\/\/panoramadelsur.com.ar\/index.php?rest_route=\/wp\/v2\/posts\/56995\/revisions"}],"predecessor-version":[{"id":56997,"href":"https:\/\/panoramadelsur.com.ar\/index.php?rest_route=\/wp\/v2\/posts\/56995\/revisions\/56997"}],"wp:featuredmedia":[{"embeddable":true,"href":"https:\/\/panoramadelsur.com.ar\/index.php?rest_route=\/wp\/v2\/media\/56996"}],"wp:attachment":[{"href":"https:\/\/panoramadelsur.com.ar\/index.php?rest_route=%2Fwp%2Fv2%2Fmedia&parent=56995"}],"wp:term":[{"taxonomy":"category","embeddable":true,"href":"https:\/\/panoramadelsur.com.ar\/index.php?rest_route=%2Fwp%2Fv2%2Fcategories&post=56995"},{"taxonomy":"post_tag","embeddable":true,"href":"https:\/\/panoramadelsur.com.ar\/index.php?rest_route=%2Fwp%2Fv2%2Ftags&post=56995"}],"curies":[{"name":"wp","href":"https:\/\/api.w.org\/{rel}","templated":true}]}}