{"id":57001,"date":"2025-10-03T08:54:03","date_gmt":"2025-10-03T11:54:03","guid":{"rendered":"https:\/\/panoramadelsur.com.ar\/?p=57001"},"modified":"2025-10-03T08:54:04","modified_gmt":"2025-10-03T11:54:04","slug":"mayra-y-el-ministro-mena-entregaron-escrituras-a-mas-de-800-familias-quilmenas","status":"publish","type":"post","link":"https:\/\/panoramadelsur.com.ar\/?p=57001","title":{"rendered":"MAYRA Y EL MINISTRO MENA ENTREGARON ESCRITURAS A M\u00c1S DE 800 FAMILIAS QUILME\u00d1AS"},"content":{"rendered":"\n<p>La intendenta de Quilmes, Mayra Mendoza, y el ministro de Justicia y Derechos Humanos de la Provincia de Buenos Aires, Juan Mart\u00edn Mena, encabezaron el martes la entrega de escrituras a m\u00e1s de 800 familias quilme\u00f1as, como resultado de una gesti\u00f3n conjunta que busca garantizar derechos y otorgar seguridad jur\u00eddica.<\/p>\n\n\n\n<p>\u201cHay vecinos que hace 10, 20, 30, 40 a\u00f1os que est\u00e1n esperando este momento tan importante, y que seguramente van a volver a sus casas con el expediente terminado, con el t\u00edtulo en mano, a compartir y celebrar con las familias. Esto habla del resultado de un Estado Municipal trabajando en conjunto con el Provincial; por eso le agradezco profundamente a todo el equipo de la Secretar\u00eda de Obras P\u00fablicas, y a nuestro ministro Juan Mart\u00edn Mena\u201d, sostuvo Mayra, acompa\u00f1ada por la secretaria de Desarrollo Urbano y Obra P\u00fablica, Ceci Soler.<\/p>\n\n\n\n<p>La Jefa comunal destac\u00f3 la estabilidad que tuvo nuestro pa\u00eds durante el per\u00edodo del \u00faltimo gobierno de Cristina Fern\u00e1ndez de Kirchner y denunci\u00f3 que \u201cest\u00e1 proscripta y presa por c\u00f3mo trabaj\u00f3 por el pueblo argentino, es una mujer inocente y debe ser libre porque es una causa armada\u201d, y ponder\u00f3 la importancia de los pr\u00f3ximos comicios: \u201cEl 26 de octubre no es una elecci\u00f3n m\u00e1s, es una elecci\u00f3n donde se pone en juego qu\u00e9 modelo de pa\u00eds queremos, qu\u00e9 posibilidad tenemos de volver a recuperar todo lo que nos han quitado de cara al 2027 cuando se termine este periodo democr\u00e1tico de un gobierno nacional cruel e insensible\u201d.<\/p>\n\n\n\n<p>\u201cQuiero decirles que como Intendenta es un orgullo haber sido y ser parte de esta gesti\u00f3n de trabajo que en la historia del municipio haya entregado m\u00e1s seguridad jur\u00eddica a partir de las escrituras de nuestros vecinos. Son m\u00e1s de 3.000 los tr\u00e1mites finalizados que se han logrado en estos 5 o 6 a\u00f1os de gobierno y eso es lo que vamos, como ustedes saben, a continuar haciendo, desde donde nos toque\u201d, subray\u00f3.<\/p>\n\n\n\n<p>Por su parte, Juan Mart\u00edn Mena expres\u00f3: \u201cEn un contexto muy desfavorable, donde a los bonaerenses el gobierno nacional nos da la espalda de una manera absolutamente ilegal e inescrupulosa, Mayra no dej\u00f3 un solo compromiso de los que prometi\u00f3 en la apertura de sesiones, sin cumplir. Est\u00e1 solucionando problemas que durante d\u00e9cadas y d\u00e9cadas no los hab\u00edan solucionado otros dirigentes y, particularmente, otros intendentes. Sin su prepotencia de trabajo y planificaci\u00f3n ser\u00edan imposibles estas 800 escrituras y tambi\u00e9n todas las dem\u00e1s \u00e1reas de gesti\u00f3n que ella est\u00e1 cubriendo en el municipio\u201d.<\/p>\n\n\n\n<p>En esta jornada , que se desarroll\u00f3 en el Sindicato del Pl\u00e1stico, ubicado en avenida La Plata 835, en Quilmes Oeste, se entregaron 800 t\u00edtulos a familias quilme\u00f1as en el marco de distintos programas e institutos: por el Plan Arraigo, 12 escrituras; a trav\u00e9s del Instituto de Vivienda de PBA, 313; por la Ley 10.830, 471, y por el programa de Lotes Fiscales Municipales, que fue recuperado durante la gesti\u00f3n y que incluye tr\u00e1mites iniciados hasta hace 50 a\u00f1os, 4 escrituras.<\/p>\n\n\n\n<p>A su vez, desde el inicio de la gesti\u00f3n municipal en 2019, y con la entrega de hoy, se alcanza un total de 3.390 t\u00edtulos a familias de Quilmes, ya que se suman a los 1.312 t\u00edtulos otorgados a trav\u00e9s de la Escriban\u00eda General de Gobierno y a los 1.278 entregados mediante el Ministerio de Desarrollo de la Comunidad (Ley 24.374).<\/p>\n\n\n\n<p>Uno de los vecinos beneficiarios, Osvaldo Ram\u00edrez, destac\u00f3 la posibilidad de culminar este tr\u00e1mite tan importante: \u201cEstoy agradecido a todos los funcionarios de Quilmes y a la Intendenta, porque este tr\u00e1mite lo estamos esperando desde el a\u00f1o 99, por eso para m\u00ed hoy es un d\u00eda de alegr\u00eda, esto es muy importante para toda la familia\u201d. Por su parte, otra adjudicataria, \u00c1ngela Molina, remarc\u00f3: \u201cEstamos tramitando esto desde 1986, y gracias a Mayra que impuls\u00f3 a que esto salga, hoy estamos felices\u201d.<\/p>\n\n\n\n<p>Tambi\u00e9n durante la jornada, y antes de la entrega de escrituras, la Intendenta quilme\u00f1a le entreg\u00f3 un certificado de eximici\u00f3n de tasa municipal a integrantes del Sindicato del Pl\u00e1stico.<\/p>\n\n\n\n<p>Desde la asunci\u00f3n de la gesti\u00f3n provincial en 2019, y en el marco de pol\u00edticas provinciales de regularizaci\u00f3n dominial, se llevan entregadas ya 150 mil escrituras, como parte del cumplimiento de un derecho social inclusivo, ya que esto: brinda seguridad jur\u00eddica, posibilita el arraigo definitivo de las familias en su comunidad, garantiza la transmisi\u00f3n segura a hijos y nietos, y permite acceder a cr\u00e9ditos para ampliaci\u00f3n o mejoras de la vivienda.<\/p>\n\n\n\n<p>Fueron parte de la actividad&nbsp;el administrador general del Instituto de Vivienda de la Provincia de Buenos Aires, Diego Men\u00e9ndez;&nbsp;el secretario de Servicios P\u00fablicos, Sebasti\u00e1n Garc\u00eda, su par de Hacienda, Eva Stoltzing; la directora general de Vivienda, Tierras y Regularizaci\u00f3n Dominial, Adriana Cittadino, y la concejala electa, Florencia B\u00e1ez.<\/p>\n","protected":false},"excerpt":{"rendered":"<p>La intendenta<\/p>\n","protected":false},"author":1,"featured_media":57002,"comment_status":"closed","ping_status":"closed","sticky":false,"template":"","format":"standard","meta":{"footnotes":""},"categories":[2],"tags":[],"class_list":["post-57001","post","type-post","status-publish","format-standard","has-post-thumbnail","hentry","category-quilmes"],"_links":{"self":[{"href":"https:\/\/panoramadelsur.com.ar\/index.php?rest_route=\/wp\/v2\/posts\/57001","targetHints":{"allow":["GET"]}}],"collection":[{"href":"https:\/\/panoramadelsur.com.ar\/index.php?rest_route=\/wp\/v2\/posts"}],"about":[{"href":"https:\/\/panoramadelsur.com.ar\/index.php?rest_route=\/wp\/v2\/types\/post"}],"author":[{"embeddable":true,"href":"https:\/\/panoramadelsur.com.ar\/index.php?rest_route=\/wp\/v2\/users\/1"}],"replies":[{"embeddable":true,"href":"https:\/\/panoramadelsur.com.ar\/index.php?rest_route=%2Fwp%2Fv2%2Fcomments&post=57001"}],"version-history":[{"count":1,"href":"https:\/\/panoramadelsur.com.ar\/index.php?rest_route=\/wp\/v2\/posts\/57001\/revisions"}],"predecessor-version":[{"id":57003,"href":"https:\/\/panoramadelsur.com.ar\/index.php?rest_route=\/wp\/v2\/posts\/57001\/revisions\/57003"}],"wp:featuredmedia":[{"embeddable":true,"href":"https:\/\/panoramadelsur.com.ar\/index.php?rest_route=\/wp\/v2\/media\/57002"}],"wp:attachment":[{"href":"https:\/\/panoramadelsur.com.ar\/index.php?rest_route=%2Fwp%2Fv2%2Fmedia&parent=57001"}],"wp:term":[{"taxonomy":"category","embeddable":true,"href":"https:\/\/panoramadelsur.com.ar\/index.php?rest_route=%2Fwp%2Fv2%2Fcategories&post=57001"},{"taxonomy":"post_tag","embeddable":true,"href":"https:\/\/panoramadelsur.com.ar\/index.php?rest_route=%2Fwp%2Fv2%2Ftags&post=57001"}],"curies":[{"name":"wp","href":"https:\/\/api.w.org\/{rel}","templated":true}]}}