{"id":57004,"date":"2025-10-03T01:02:00","date_gmt":"2025-10-03T04:02:00","guid":{"rendered":"https:\/\/panoramadelsur.com.ar\/?p=57004"},"modified":"2025-10-03T09:07:33","modified_gmt":"2025-10-03T12:07:33","slug":"berazategui-se-prepara-para-la-18-feria-del-libro-municipal","status":"publish","type":"post","link":"https:\/\/panoramadelsur.com.ar\/?p=57004","title":{"rendered":"ESTE S\u00c1BADO ABRE LA 18\u00b0 FERIA DEL LIBRO MUNICIPAL"},"content":{"rendered":"\n<p>Desde este s\u00e1bado 4 y hasta el domingo 12 de octubre se realizar\u00e1 el mega evento cultural que cada a\u00f1o es visitado por miles de vecinos y vecinas: LibrArte, la Feria del Libro de Berazategui. En su 18\u00b0 edici\u00f3n, se desarrollar\u00e1 de lunes a viernes, de 14.00 a 21.00; y s\u00e1bados y domingos, de 15.00 a 21.00, en el Centro Municipal de Actividades Roberto De Vicenzo (calle 148 y 18). La entrada, como siempre, es libre y gratuita.<\/p>\n\n\n\n<p>LibrArte es una iniciativa de la Municipalidad de Berazategui que, como cada a\u00f1o, es impulsada por el intendente Juan Jos\u00e9 Mussi y organizada por la Secretar\u00eda de Cultura y Educaci\u00f3n. Propone nueve d\u00edas de una agenda muy nutrida, con la participaci\u00f3n de prestigiosas personalidades del mundo de la cultura y m\u00e1s de 180 actividades, presentaciones diarias para docentes, estudiantes, artistas y p\u00fablico en general, como conferencias, presentaciones de libros, espect\u00e1culos, conciertos y teatro, talleres, encuentros de narraci\u00f3n y mucho m\u00e1s.<\/p>\n\n\n\n<p>En esta 18\u00b0 edici\u00f3n, la Feria del Libro contar\u00e1 con la presencia de: Liliana Cinetto, Adela Basch, Fernando de Vedia, Magela Demarco, Silvia Schujer, Dar\u00edo Sztajnszrajber, Alejandro Dolina (con la grabaci\u00f3n del cl\u00e1sico programa radial \u201cLa venganza ser\u00e1 terrible\u201d), Poly Bernatene, Canela, Isol, Roberto Caballero, Mauro Libertella, Tute, Dora Barrancos, Kekena Corval\u00e1n, Juan Sol\u00e1, Hern\u00e1n Ronsino, Cinwololo, Cynthia Edul y Nacho Gir\u00f3n, entre otros.<\/p>\n\n\n\n<p>Adem\u00e1s, se realizar\u00e1 la proyecci\u00f3n del documental \u00abLa sociedad del afecto\u00bb de Chiqui Gonz\u00e1lez; la Charla \u00abAnimales en libertad. La literatura y la educaci\u00f3n ambiental\u00bb, a cargo de Fernando Pieroni; y la presentaci\u00f3n de dos nuevas colecciones de libros de la Editorial Municipal Ediber.<\/p>\n\n\n\n<p>Para conocer la programaci\u00f3n completa, se puede ingresar en berazategui.gob.ar\/librarte.<\/p>\n","protected":false},"excerpt":{"rendered":"<p>Desde este<\/p>\n","protected":false},"author":1,"featured_media":57018,"comment_status":"closed","ping_status":"closed","sticky":false,"template":"","format":"standard","meta":{"footnotes":""},"categories":[10,3],"tags":[40],"class_list":["post-57004","post","type-post","status-publish","format-standard","has-post-thumbnail","hentry","category-mas-noticias","category-regionales","tag-berazategui"],"_links":{"self":[{"href":"https:\/\/panoramadelsur.com.ar\/index.php?rest_route=\/wp\/v2\/posts\/57004","targetHints":{"allow":["GET"]}}],"collection":[{"href":"https:\/\/panoramadelsur.com.ar\/index.php?rest_route=\/wp\/v2\/posts"}],"about":[{"href":"https:\/\/panoramadelsur.com.ar\/index.php?rest_route=\/wp\/v2\/types\/post"}],"author":[{"embeddable":true,"href":"https:\/\/panoramadelsur.com.ar\/index.php?rest_route=\/wp\/v2\/users\/1"}],"replies":[{"embeddable":true,"href":"https:\/\/panoramadelsur.com.ar\/index.php?rest_route=%2Fwp%2Fv2%2Fcomments&post=57004"}],"version-history":[{"count":2,"href":"https:\/\/panoramadelsur.com.ar\/index.php?rest_route=\/wp\/v2\/posts\/57004\/revisions"}],"predecessor-version":[{"id":57017,"href":"https:\/\/panoramadelsur.com.ar\/index.php?rest_route=\/wp\/v2\/posts\/57004\/revisions\/57017"}],"wp:featuredmedia":[{"embeddable":true,"href":"https:\/\/panoramadelsur.com.ar\/index.php?rest_route=\/wp\/v2\/media\/57018"}],"wp:attachment":[{"href":"https:\/\/panoramadelsur.com.ar\/index.php?rest_route=%2Fwp%2Fv2%2Fmedia&parent=57004"}],"wp:term":[{"taxonomy":"category","embeddable":true,"href":"https:\/\/panoramadelsur.com.ar\/index.php?rest_route=%2Fwp%2Fv2%2Fcategories&post=57004"},{"taxonomy":"post_tag","embeddable":true,"href":"https:\/\/panoramadelsur.com.ar\/index.php?rest_route=%2Fwp%2Fv2%2Ftags&post=57004"}],"curies":[{"name":"wp","href":"https:\/\/api.w.org\/{rel}","templated":true}]}}