{"id":57007,"date":"2025-10-03T08:58:48","date_gmt":"2025-10-03T11:58:48","guid":{"rendered":"https:\/\/panoramadelsur.com.ar\/?p=57007"},"modified":"2025-10-03T08:58:48","modified_gmt":"2025-10-03T11:58:48","slug":"mayra-superviso-la-obra-del-nuevo-centro-cultural-y-biblioteca-en-el-barrio-iapi-que-esta-proximo-a-inaugurarse","status":"publish","type":"post","link":"https:\/\/panoramadelsur.com.ar\/?p=57007","title":{"rendered":"MAYRA SUPERVIS\u00d3 LA OBRA DEL NUEVO CENTRO CULTURAL Y BIBLIOTECA EN EL BARRIO IAPI QUE EST\u00c1 PR\u00d3XIMO A INAUGURARSE"},"content":{"rendered":"\n<p>La intendenta de Quilmes, Mayra Mendoza, supervis\u00f3 el martes la construcci\u00f3n del nuevo edificio del Centro Cultural y Biblioteca del barrio IAPI, ubicado en Los Andes y calle 173, en Bernal Oeste, construido 100% con fondos municipales, y recorri\u00f3 el lugar junto a vecinos e integrantes de la comunidad educativa de las escuelas y jardines de infantes de la zona.<\/p>\n\n\n\n<p>\u201cRecorrimos la obra del Centro Cultural y Biblioteca de IAPI que forma parte de nuestros compromisos de segundo mandato y que estamos pr\u00f3ximos a inaugurar. La decisi\u00f3n de poner en pie de igualdad a todos los barrios de Quilmes supone tambi\u00e9n el acceso a la cultura y a herramientas que acompa\u00f1en los procesos de aprendizaje, porque queremos ayudar a nuestros vecinos y vecinas a construir oportunidades de futuro\u201d, sostuvo Mayra, acompa\u00f1ada por el secretario de Educaci\u00f3n, Culturas y Deportes, Joaqu\u00edn Desmery, y su par de Desarrollo Urbano y Obra P\u00fablica, Ceci Soler.<\/p>\n\n\n\n<p>En el Centro Cultural se van a dictar talleres y habr\u00e1 diferentes espect\u00e1culos, fundamentalmente para las infancias. Funcionar\u00e1 como sede de la orquesta infanto juvenil \u00abLa sonora de la IAPI\u00bb, as\u00ed como tambi\u00e9n una biblioteca con sala de lectura.<\/p>\n\n\n\n<p>La obra tendr\u00e1 un acceso por la calle Los Andes y consta de una estructura de hormig\u00f3n armado, con cerramientos met\u00e1licos y mamposter\u00eda, en una planta, que fortalecer\u00e1 la inclusi\u00f3n social, la actividad cultural y de servicios, beneficiando a m\u00e1s de dos mil familias de la zona, revitalizando el barrio. Contar\u00e1 con \u00e1rea de biblioteca y mediateca destinada a fomentar el acceso a la lectura y a contenidos digitales, Sal\u00f3n de Usos M\u00faltiples, y un \u00e1rea de apoyo con sanitarios, cocina y oficinas.<\/p>\n\n\n\n<p>Estuvieron presentes el subsecretario de H\u00e1bitat, Esteban Salaberry; el director de Talleres Barriales, Marcos Traina, y el m\u00fasico quilme\u00f1o y futuro director del CCB de IAPI, Agust\u00edn Ronconi.&nbsp;<\/p>\n","protected":false},"excerpt":{"rendered":"<p>La intendenta<\/p>\n","protected":false},"author":1,"featured_media":57008,"comment_status":"closed","ping_status":"closed","sticky":false,"template":"","format":"standard","meta":{"footnotes":""},"categories":[2],"tags":[],"class_list":["post-57007","post","type-post","status-publish","format-standard","has-post-thumbnail","hentry","category-quilmes"],"_links":{"self":[{"href":"https:\/\/panoramadelsur.com.ar\/index.php?rest_route=\/wp\/v2\/posts\/57007","targetHints":{"allow":["GET"]}}],"collection":[{"href":"https:\/\/panoramadelsur.com.ar\/index.php?rest_route=\/wp\/v2\/posts"}],"about":[{"href":"https:\/\/panoramadelsur.com.ar\/index.php?rest_route=\/wp\/v2\/types\/post"}],"author":[{"embeddable":true,"href":"https:\/\/panoramadelsur.com.ar\/index.php?rest_route=\/wp\/v2\/users\/1"}],"replies":[{"embeddable":true,"href":"https:\/\/panoramadelsur.com.ar\/index.php?rest_route=%2Fwp%2Fv2%2Fcomments&post=57007"}],"version-history":[{"count":1,"href":"https:\/\/panoramadelsur.com.ar\/index.php?rest_route=\/wp\/v2\/posts\/57007\/revisions"}],"predecessor-version":[{"id":57009,"href":"https:\/\/panoramadelsur.com.ar\/index.php?rest_route=\/wp\/v2\/posts\/57007\/revisions\/57009"}],"wp:featuredmedia":[{"embeddable":true,"href":"https:\/\/panoramadelsur.com.ar\/index.php?rest_route=\/wp\/v2\/media\/57008"}],"wp:attachment":[{"href":"https:\/\/panoramadelsur.com.ar\/index.php?rest_route=%2Fwp%2Fv2%2Fmedia&parent=57007"}],"wp:term":[{"taxonomy":"category","embeddable":true,"href":"https:\/\/panoramadelsur.com.ar\/index.php?rest_route=%2Fwp%2Fv2%2Fcategories&post=57007"},{"taxonomy":"post_tag","embeddable":true,"href":"https:\/\/panoramadelsur.com.ar\/index.php?rest_route=%2Fwp%2Fv2%2Ftags&post=57007"}],"curies":[{"name":"wp","href":"https:\/\/api.w.org\/{rel}","templated":true}]}}