{"id":57010,"date":"2025-10-03T09:01:45","date_gmt":"2025-10-03T12:01:45","guid":{"rendered":"https:\/\/panoramadelsur.com.ar\/?p=57010"},"modified":"2025-10-03T09:01:46","modified_gmt":"2025-10-03T12:01:46","slug":"exposicion-intercambio-y-presentacion-de-trabajos-finales-en-la-tecnica-no4","status":"publish","type":"post","link":"https:\/\/panoramadelsur.com.ar\/?p=57010","title":{"rendered":"EXPOSICI\u00d3N, INTERCAMBIO Y PRESENTACI\u00d3N DE TRABAJOS FINALES EN LA T\u00c9CNICA N\u00ba4"},"content":{"rendered":"\n<p>El establecimiento de nivel secundario ubicado en Av. Hip\u00f3lito Yrigoyen esquina Combate de San Lorenzo -Villa Cirio- desarroll\u00f3 su muestra anual con el aprendizaje obtenido y las elaboraciones confeccionadas en las aulas durante la ma\u00f1ana del jueves.<\/p>\n\n\n\n<p>El intendente, Andr\u00e9s Watson, destac\u00f3 \u201cel compromiso de las juventudes tanto en su preparaci\u00f3n a futuro como en sus aportes al crecimiento de la escuela\u201d. Reconoci\u00f3 en la instituci\u00f3n \u201cuna oportunidad de formaci\u00f3n especializada para el alumnado, pr\u00f3ximos trabajadores y trabajadoras de nuestra sociedad\u201d.<\/p>\n\n\n\n<p>\u201cPlanteamos la jornada con los 20 a\u00f1os de la Ley de Educaci\u00f3n T\u00e9cnico-Profesional como contexto\u201d, subray\u00f3 Sebasti\u00e1n Castillo, director de la E.T. N\u00ba4. \u201cMediante las propuestas estudiantiles, manifestamos la resistencia frente al desfinanciamiento impulsado por el gobierno nacional\u201d, asegur\u00f3.<\/p>\n\n\n\n<p>\u201cNosotros dise\u00f1amos los diferentes planos, estructuras y maquetas que construimos en el a\u00f1o\u201d, explic\u00f3 Estefan\u00eda junto a Dar\u00edo, de la orientaci\u00f3n en Maestro Mayor de Obra. Ambos encontraron en la iniciativa \u201cuna posibilidad de contar el porqu\u00e9 de estos proyectos que nos apasionaron\u201d.<\/p>\n\n\n\n<p>\u201cPresentamos un brazo rob\u00f3tico con funcionamiento a partir de c\u00f3digos de programaci\u00f3n\u201d, detall\u00f3 Federico, de Electromec\u00e1nica. \u201cFue una tarea complicada. Al principio, no entend\u00eda c\u00f3mo hacerlo, pero fue lindo comprender el proceso completo\u201d, comparti\u00f3.<\/p>\n\n\n\n<p>Su compa\u00f1ero, Franco, expuso \u201cun elevador hidr\u00e1ulico destinado a pacientes con movilidad reducida para ayudar a su traslado\u201d. \u201cPensamos la idea con el objetivo de terminarlo y donarlo a un asilo de personas mayores\u201d, afirm\u00f3.<\/p>\n\n\n\n<p>Estuvo la responsable de la cartera educativa local, Andrea Digiobani; el jefe distrital de Educaci\u00f3n, Alfredo Schveizer.<\/p>\n","protected":false},"excerpt":{"rendered":"<p>El establecimiento<\/p>\n","protected":false},"author":1,"featured_media":57011,"comment_status":"closed","ping_status":"closed","sticky":false,"template":"","format":"standard","meta":{"footnotes":""},"categories":[3],"tags":[30],"class_list":["post-57010","post","type-post","status-publish","format-standard","has-post-thumbnail","hentry","category-regionales","tag-varela"],"_links":{"self":[{"href":"https:\/\/panoramadelsur.com.ar\/index.php?rest_route=\/wp\/v2\/posts\/57010","targetHints":{"allow":["GET"]}}],"collection":[{"href":"https:\/\/panoramadelsur.com.ar\/index.php?rest_route=\/wp\/v2\/posts"}],"about":[{"href":"https:\/\/panoramadelsur.com.ar\/index.php?rest_route=\/wp\/v2\/types\/post"}],"author":[{"embeddable":true,"href":"https:\/\/panoramadelsur.com.ar\/index.php?rest_route=\/wp\/v2\/users\/1"}],"replies":[{"embeddable":true,"href":"https:\/\/panoramadelsur.com.ar\/index.php?rest_route=%2Fwp%2Fv2%2Fcomments&post=57010"}],"version-history":[{"count":1,"href":"https:\/\/panoramadelsur.com.ar\/index.php?rest_route=\/wp\/v2\/posts\/57010\/revisions"}],"predecessor-version":[{"id":57012,"href":"https:\/\/panoramadelsur.com.ar\/index.php?rest_route=\/wp\/v2\/posts\/57010\/revisions\/57012"}],"wp:featuredmedia":[{"embeddable":true,"href":"https:\/\/panoramadelsur.com.ar\/index.php?rest_route=\/wp\/v2\/media\/57011"}],"wp:attachment":[{"href":"https:\/\/panoramadelsur.com.ar\/index.php?rest_route=%2Fwp%2Fv2%2Fmedia&parent=57010"}],"wp:term":[{"taxonomy":"category","embeddable":true,"href":"https:\/\/panoramadelsur.com.ar\/index.php?rest_route=%2Fwp%2Fv2%2Fcategories&post=57010"},{"taxonomy":"post_tag","embeddable":true,"href":"https:\/\/panoramadelsur.com.ar\/index.php?rest_route=%2Fwp%2Fv2%2Ftags&post=57010"}],"curies":[{"name":"wp","href":"https:\/\/api.w.org\/{rel}","templated":true}]}}