{"id":57013,"date":"2025-10-03T09:04:13","date_gmt":"2025-10-03T12:04:13","guid":{"rendered":"https:\/\/panoramadelsur.com.ar\/?p=57013"},"modified":"2025-10-03T09:04:13","modified_gmt":"2025-10-03T12:04:13","slug":"berazategui-visito-la-unq-en-el-marco-del-curso-de-formacion-en-jardineria-integral","status":"publish","type":"post","link":"https:\/\/panoramadelsur.com.ar\/?p=57013","title":{"rendered":"BERAZATEGUI VISIT\u00d3 LA UNQ EN EL MARCO DEL CURSO DE FORMACI\u00d3N EN JARDINER\u00cdA INTEGRAL"},"content":{"rendered":"\n<p>La Municipalidad de Berazategui, a trav\u00e9s de su Direcci\u00f3n de Ambiente y la Subsecretar\u00eda de Mujeres, G\u00e9nero y Diversidades, visit\u00f3 la Universidad Nacional de Quilmes (UNQ). All\u00ed brind\u00f3 el M\u00f3dulo &#8216;Plantas Nativas&#8217; del Curso de Jardiner\u00eda Integral que se desarrolla en el distrito, en articulaci\u00f3n con el proyecto de extensi\u00f3n que se lleva adelante all\u00ed: &#8216;Compostando y Cultivando ConCiencia&#8217;. En esta capacitaci\u00f3n, los y las estudiantes se prepararon para poder reproducir, conservar y comercializar plantas nativas y generar sus propios viveros. Asimismo, el Municipio entreg\u00f3 una compostera a la Casa de Altos estudios.<\/p>\n\n\n\n<p>Este curso se desarrolla en el distrito, gracias a un trabajo conjunto de la Municipalidad y el Ministerio de Mujeres y Diversidad del Gobierno provincial, en el marco del Programa Municipios x la Igualdad. \u00c9ste est\u00e1 destinado a fortalecer y acompa\u00f1ar el dise\u00f1o y la ejecuci\u00f3n de proyectos de transversalizaci\u00f3n de la perspectiva de g\u00e9nero en los municipios.<\/p>\n\n\n\n<p>Rodrigo Blanco, responsable del Centro Educativo de Cultura Agroecol\u00f3gica del Municipio (CECAM), coment\u00f3: \u201cEste proyecto es sumamente importante para reivindicar a las plantas nativas, debido a su gran aporte y a la vinculaci\u00f3n que tienen con la biodiversidad\u201d.<\/p>\n\n\n\n<p>Asimismo, destac\u00f3: \u201cDurante el cierre del m\u00f3dulo entregamos una compostera a la Universidad. Agradecemos este trabajo articulado entre la Municipalidad de Berazategui, la UNQ y el Instituto Nacional de Tecnolog\u00eda Agropecuaria (INTA). Esta iniciativa y otras, como el funcionamiento de un Vivero Municipal en Berazategui, son impulsadas por el intendente Mussi\u201d.<\/p>\n\n\n\n<p>Por su parte, Mar\u00eda Josefina Bompadre, investigadora del CONICET y docente de la Universidad Nacional de Quilmes, coment\u00f3: \u201cEn el vivero de la UNQ realizamos tareas de investigaci\u00f3n y tenemos el proyecto de extensi\u00f3n &#8216;Compostando y Cultivando ConCiencia&#8217;, en el que realizamos el taller en articulaci\u00f3n. El objetivo es que los y las estudiantes puedan generar sus propios viveros, producir sus plantas nativas, propagarlas de diferentes maneras, usando sustratos de compost producidos en la Universidad, conservarlas y comercializarlas. Se trata de intercambiar conocimientos; salir de la Universidad hacia la comunidad, para generar articulaciones\u201d.<\/p>\n\n\n\n<p>Seguidamente, Rosana Rota, docente e investigadora de la Universidad Nacional de Quilmes, subray\u00f3: \u201cEs muy importante que la gente se sume a esta iniciativa. Agradecemos contar con el apoyo de un Estado municipal presente, porque la poblaci\u00f3n es la principal beneficiaria de las universidades del Conurbano. La Universidad es para todos y todas; es un espacio para salir adelante, para progresar\u201d.<\/p>\n\n\n\n<p>Para conocer m\u00e1s iniciativas sobre el cuidado del ambiente, se puede ingresar en berazategui.gob.ar\/sustentable. Asimismo, en berazategui.gob.ar\/mujeresydisidencias y en Instagram: @subsecretaria.mgd.begui se puede conocer m\u00e1s acerca de las pol\u00edticas p\u00fablicas de acompa\u00f1amiento con perspectiva de g\u00e9nero implementadas en el distrito.<\/p>\n","protected":false},"excerpt":{"rendered":"<p>La Municipalidad<\/p>\n","protected":false},"author":1,"featured_media":57014,"comment_status":"closed","ping_status":"closed","sticky":false,"template":"","format":"standard","meta":{"footnotes":""},"categories":[3],"tags":[40],"class_list":["post-57013","post","type-post","status-publish","format-standard","has-post-thumbnail","hentry","category-regionales","tag-berazategui"],"_links":{"self":[{"href":"https:\/\/panoramadelsur.com.ar\/index.php?rest_route=\/wp\/v2\/posts\/57013","targetHints":{"allow":["GET"]}}],"collection":[{"href":"https:\/\/panoramadelsur.com.ar\/index.php?rest_route=\/wp\/v2\/posts"}],"about":[{"href":"https:\/\/panoramadelsur.com.ar\/index.php?rest_route=\/wp\/v2\/types\/post"}],"author":[{"embeddable":true,"href":"https:\/\/panoramadelsur.com.ar\/index.php?rest_route=\/wp\/v2\/users\/1"}],"replies":[{"embeddable":true,"href":"https:\/\/panoramadelsur.com.ar\/index.php?rest_route=%2Fwp%2Fv2%2Fcomments&post=57013"}],"version-history":[{"count":1,"href":"https:\/\/panoramadelsur.com.ar\/index.php?rest_route=\/wp\/v2\/posts\/57013\/revisions"}],"predecessor-version":[{"id":57015,"href":"https:\/\/panoramadelsur.com.ar\/index.php?rest_route=\/wp\/v2\/posts\/57013\/revisions\/57015"}],"wp:featuredmedia":[{"embeddable":true,"href":"https:\/\/panoramadelsur.com.ar\/index.php?rest_route=\/wp\/v2\/media\/57014"}],"wp:attachment":[{"href":"https:\/\/panoramadelsur.com.ar\/index.php?rest_route=%2Fwp%2Fv2%2Fmedia&parent=57013"}],"wp:term":[{"taxonomy":"category","embeddable":true,"href":"https:\/\/panoramadelsur.com.ar\/index.php?rest_route=%2Fwp%2Fv2%2Fcategories&post=57013"},{"taxonomy":"post_tag","embeddable":true,"href":"https:\/\/panoramadelsur.com.ar\/index.php?rest_route=%2Fwp%2Fv2%2Ftags&post=57013"}],"curies":[{"name":"wp","href":"https:\/\/api.w.org\/{rel}","templated":true}]}}