{"id":57019,"date":"2025-10-03T09:09:03","date_gmt":"2025-10-03T12:09:03","guid":{"rendered":"https:\/\/panoramadelsur.com.ar\/?p=57019"},"modified":"2025-10-03T09:09:05","modified_gmt":"2025-10-03T12:09:05","slug":"mayra-se-reunio-con-personas-mayores-en-el-centro-de-jubilados-santa-maria-de-bernal-oeste","status":"publish","type":"post","link":"https:\/\/panoramadelsur.com.ar\/?p=57019","title":{"rendered":"MAYRA SE REUNI\u00d3 CON PERSONAS MAYORES EN EL CENTRO DE JUBILADOS \u201cSANTA MAR\u00cdA\u201d DE BERNAL OESTE"},"content":{"rendered":"\n<p>La intendenta de Quilmes, Mayra Mendoza, particip\u00f3 el mi\u00e9rcoles de un encuentro junto a m\u00e1s de 100 vecinas y vecinos quilme\u00f1os, en el marco del D\u00eda Internacional de las Personas Mayores, en el Centro de Jubilados y Pensionados \u201cSanta Mar\u00eda\u201d, ubicado en&nbsp;Mauri\u00f1o 2398, en Bernal Oeste.<\/p>\n\n\n\n<p>Luego de saludarlos y agradecerles por su compromiso y participaci\u00f3n, en compa\u00f1\u00eda de la directora general de Personas Mayores, Daniela Broeders, la Jefa comunal, se\u00f1al\u00f3: \u201cEstos son los \u00e1mbitos que siguen fortaleciendo nuestra comunidad, los colectivos, y necesitamos m\u00e1s que nunca poder darle valor a eso\u201d.<\/p>\n\n\n\n<p>Asimismo, Mayra repas\u00f3 el nuevo sistema de Boleta \u00danica de Papel que se utilizar\u00e1 en las pr\u00f3ximas elecciones del 26 de octubre y resalt\u00f3: \u201cHay que buscar la bandera argentina en el medio de la boleta, la que lleva a Jorge Taiana para diputado nacional. Porque Fuerza Patria es la que representa la dignidad de las personas mayores. Es la fuerza que, con Cristina presidenta, a los jubilados les dio cobertura de hasta un 95% en el sistema previsional. Les dio remedios y tratamientos gratis con PAMI. Este es el espacio pol\u00edtico que cuida a las personas mayores y que tenemos que defender y acompa\u00f1ar en las pr\u00f3ximas elecciones\u201d.<\/p>\n\n\n\n<p>En este contexto, la presidenta del Centro de Jubilados \u201cSanta Mar\u00eda\u201d, Hilda Fleitas, coment\u00f3: \u201cEn este d\u00eda hermoso estamos pas\u00e1ndola bien. Y ahora que nos vino a visitar nuestra Intendenta, mejor. Con el Municipio tenemos muy buena predisposici\u00f3n para todo. Lo que vamos a pedir o a decir que necesitamos, est\u00e1n siempre para ayudarnos. Estamos muy agradecidos\u201d.<\/p>\n\n\n\n<p>Durante la jornada, que tuvo como objetivo reivindicar los derechos de adultos mayores y reconocer su contribuci\u00f3n a la sociedad, as\u00ed como promover la inclusi\u00f3n social, se realizaron muestras&nbsp;de talentos y habilidades, tales como magia, pintura, escultura, canto, m\u00fasica y stand up, entre otras expresiones art\u00edsticas.<\/p>\n","protected":false},"excerpt":{"rendered":"<p>La intendenta<\/p>\n","protected":false},"author":1,"featured_media":57020,"comment_status":"closed","ping_status":"closed","sticky":false,"template":"","format":"standard","meta":{"footnotes":""},"categories":[2],"tags":[],"class_list":["post-57019","post","type-post","status-publish","format-standard","has-post-thumbnail","hentry","category-quilmes"],"_links":{"self":[{"href":"https:\/\/panoramadelsur.com.ar\/index.php?rest_route=\/wp\/v2\/posts\/57019","targetHints":{"allow":["GET"]}}],"collection":[{"href":"https:\/\/panoramadelsur.com.ar\/index.php?rest_route=\/wp\/v2\/posts"}],"about":[{"href":"https:\/\/panoramadelsur.com.ar\/index.php?rest_route=\/wp\/v2\/types\/post"}],"author":[{"embeddable":true,"href":"https:\/\/panoramadelsur.com.ar\/index.php?rest_route=\/wp\/v2\/users\/1"}],"replies":[{"embeddable":true,"href":"https:\/\/panoramadelsur.com.ar\/index.php?rest_route=%2Fwp%2Fv2%2Fcomments&post=57019"}],"version-history":[{"count":1,"href":"https:\/\/panoramadelsur.com.ar\/index.php?rest_route=\/wp\/v2\/posts\/57019\/revisions"}],"predecessor-version":[{"id":57021,"href":"https:\/\/panoramadelsur.com.ar\/index.php?rest_route=\/wp\/v2\/posts\/57019\/revisions\/57021"}],"wp:featuredmedia":[{"embeddable":true,"href":"https:\/\/panoramadelsur.com.ar\/index.php?rest_route=\/wp\/v2\/media\/57020"}],"wp:attachment":[{"href":"https:\/\/panoramadelsur.com.ar\/index.php?rest_route=%2Fwp%2Fv2%2Fmedia&parent=57019"}],"wp:term":[{"taxonomy":"category","embeddable":true,"href":"https:\/\/panoramadelsur.com.ar\/index.php?rest_route=%2Fwp%2Fv2%2Fcategories&post=57019"},{"taxonomy":"post_tag","embeddable":true,"href":"https:\/\/panoramadelsur.com.ar\/index.php?rest_route=%2Fwp%2Fv2%2Ftags&post=57019"}],"curies":[{"name":"wp","href":"https:\/\/api.w.org\/{rel}","templated":true}]}}