{"id":57022,"date":"2025-10-03T01:03:00","date_gmt":"2025-10-03T04:03:00","guid":{"rendered":"https:\/\/panoramadelsur.com.ar\/?p=57022"},"modified":"2025-10-03T09:12:18","modified_gmt":"2025-10-03T12:12:18","slug":"una-experiencia-teatral-en-la-feria-del-libro-de-florencio-varela","status":"publish","type":"post","link":"https:\/\/panoramadelsur.com.ar\/?p=57022","title":{"rendered":"UNA EXPERIENCIA TEATRAL EN LA FERIA DEL LIBRO DE FLORENCIO VARELA"},"content":{"rendered":"\n<p>Luisa Kuliok crear\u00e1 un espacio donde su historia actoral ser\u00e1 la premisa para cautivar a la audiencia el martes 7 de octubre a las 17 hs. en el Instituto \u201cNuestra Se\u00f1ora del Sagrado Coraz\u00f3n\u201d -calle Bourel, entre Ayacucho y Maip\u00fa-.<\/p>\n\n\n\n<p>\u201cJunto a Roberto Romano -actor-, presentaremos \u2018Celebraciones\u2019: un encuentro lleno de an\u00e9cdotas, vivencias, relatos, poes\u00eda y di\u00e1logo\u201d, adelanta la protagonista de la emblem\u00e1tica telenovela \u201cLa extra\u00f1a dama\u201d. \u201cLa energ\u00eda que circula en estos eventos crea situaciones de humor, pero tambi\u00e9n profundas emociones\u201d, detalla.<\/p>\n\n\n\n<p>\u201cEstamos felices que el Municipio brinde una experiencia as\u00ed de enriquecedora en Florencio Varela. Es un orgullo participar en la iniciativa, transmitir la esencia de lo vivo y fomentar la lectura, base de toda existencia\u201d, destaca la figura recordada por \u201cAmo y se\u00f1or\u201d con Arnaldo Andr\u00e9.<\/p>\n\n\n\n<p>Asimismo, la int\u00e9rprete reflexiona: \u201cNo contamos una verdad absoluta, sino que compartimos miradas, sentimientos, universos, la cultura entendida como aquello que somos, con nuestras miserias y virtudes. Eso habilita un crecimiento personal y comunitario\u201d.<\/p>\n\n\n\n<p>Para conocer el cronograma completo de actividades y disertaciones, ingresar en el apartado disponible en la <a href=\"https:\/\/florenciovarela.gov.ar\/feriadellibro\/\">web municipal<\/a>.<\/p>\n","protected":false},"excerpt":{"rendered":"<p>Luisa Kuliok<\/p>\n","protected":false},"author":1,"featured_media":57023,"comment_status":"closed","ping_status":"closed","sticky":false,"template":"","format":"standard","meta":{"footnotes":""},"categories":[8,3],"tags":[30],"class_list":["post-57022","post","type-post","status-publish","format-standard","has-post-thumbnail","hentry","category-para-agendar","category-regionales","tag-varela"],"_links":{"self":[{"href":"https:\/\/panoramadelsur.com.ar\/index.php?rest_route=\/wp\/v2\/posts\/57022","targetHints":{"allow":["GET"]}}],"collection":[{"href":"https:\/\/panoramadelsur.com.ar\/index.php?rest_route=\/wp\/v2\/posts"}],"about":[{"href":"https:\/\/panoramadelsur.com.ar\/index.php?rest_route=\/wp\/v2\/types\/post"}],"author":[{"embeddable":true,"href":"https:\/\/panoramadelsur.com.ar\/index.php?rest_route=\/wp\/v2\/users\/1"}],"replies":[{"embeddable":true,"href":"https:\/\/panoramadelsur.com.ar\/index.php?rest_route=%2Fwp%2Fv2%2Fcomments&post=57022"}],"version-history":[{"count":1,"href":"https:\/\/panoramadelsur.com.ar\/index.php?rest_route=\/wp\/v2\/posts\/57022\/revisions"}],"predecessor-version":[{"id":57024,"href":"https:\/\/panoramadelsur.com.ar\/index.php?rest_route=\/wp\/v2\/posts\/57022\/revisions\/57024"}],"wp:featuredmedia":[{"embeddable":true,"href":"https:\/\/panoramadelsur.com.ar\/index.php?rest_route=\/wp\/v2\/media\/57023"}],"wp:attachment":[{"href":"https:\/\/panoramadelsur.com.ar\/index.php?rest_route=%2Fwp%2Fv2%2Fmedia&parent=57022"}],"wp:term":[{"taxonomy":"category","embeddable":true,"href":"https:\/\/panoramadelsur.com.ar\/index.php?rest_route=%2Fwp%2Fv2%2Fcategories&post=57022"},{"taxonomy":"post_tag","embeddable":true,"href":"https:\/\/panoramadelsur.com.ar\/index.php?rest_route=%2Fwp%2Fv2%2Ftags&post=57022"}],"curies":[{"name":"wp","href":"https:\/\/api.w.org\/{rel}","templated":true}]}}