{"id":57025,"date":"2025-10-03T09:18:16","date_gmt":"2025-10-03T12:18:16","guid":{"rendered":"https:\/\/panoramadelsur.com.ar\/?p=57025"},"modified":"2025-10-03T09:18:17","modified_gmt":"2025-10-03T12:18:17","slug":"semana-de-la-salud-bucal-en-varela-2","status":"publish","type":"post","link":"https:\/\/panoramadelsur.com.ar\/?p=57025","title":{"rendered":"SEMANA DE LA SALUD BUCAL EN VARELA"},"content":{"rendered":"\n<p>Los ni\u00f1os y las ni\u00f1as del Jard\u00edn Municipal N\u00ba12 de Villa Aurora protagonizaron una jornada de sanidad bucal, coordinada por profesionales de la Comuna, el jueves por la ma\u00f1ana en la instituci\u00f3n emplazada en la intersecci\u00f3n de calle Pizzurno con Nuestras Malvinas.<\/p>\n\n\n\n<p>Tras la charla de concientizaci\u00f3n sobre alimentaci\u00f3n, t\u00e9cnica de cepillado y consultas, el mandatario varelense, Andr\u00e9s Watson, convers\u00f3 con las familias para luego avanzar por el circuito destinado al chequeo dental con la premisa de verificar los controles.<\/p>\n\n\n\n<p>Gladys fue la elegida por la comunidad educativa para trasladar un mensaje a la m\u00e1xima autoridad en el distrito. \u201cMe convirtieron en la vocera con la idea de agradecerle al Intendente la organizaci\u00f3n de una propuesta con eje en la salud de los chicos y las chicas\u201d, asever\u00f3.&nbsp;<\/p>\n\n\n\n<p>Alrededor de 50 alumnos y alumnas comenzaron en una primera sala con la revisi\u00f3n inicial, recibieron un certificado y fueron derivados en caso de encontrar caries o alg\u00fan otro inconveniente.&nbsp;<\/p>\n\n\n\n<p>Urzulina acompa\u00f1\u00f3 a su nieta Mora en un d\u00eda \u201cs\u00faper importante para mantenernos informados, tener acceso a datos, por ejemplo, a utilizar correctamente el cepillo de dientes\u201d.<\/p>\n\n\n\n<p>En el sal\u00f3n contiguo, era el momento de la topicaci\u00f3n con fl\u00faor: un tratamiento preventivo aplicado para fortalecer el esmalte. En ese instante, todas y todos estaban ansiosos. Los adultos prestaron atenci\u00f3n a los consejos de la odont\u00f3loga.<\/p>\n\n\n\n<p>\u201cFue fundamental para la gente con pocos recursos que no pudo realizar estos ex\u00e1menes de manera particular\u201d, afirm\u00f3 Rufino, el abuelo de Luciano que estaba \u201cmuy bien, contento\u201d durante la espera.<\/p>\n\n\n\n<p>Presentadas por Sara Echag\u00fce, la directora del establecimiento, Valeria y Celeste -especialistas- hablaron de \u201creemplazar productos ultraprocesados, con gran contenido de az\u00facares, a consumos m\u00e1s saludables, como verduras, frutas, leche, pero tambi\u00e9n incorporar agua\u201d.<\/p>\n\n\n\n<p>Coincidieron en evitar infecciones que \u201cllegaran al hueso y viajaran a cualquier parte del cuerpo\u201d. Como consecuencia de esa situaci\u00f3n, identificaron \u201cproblemas card\u00edacos, renales, entre otros\u201d.<\/p>\n\n\n\n<p>Estuvieron las secretarias de Salud -Adriana Alonso- y de Educaci\u00f3n -Andrea Digiobani-, el jefe distrital de Educaci\u00f3n, Alfredo Schveizer.&nbsp; &nbsp;<\/p>\n","protected":false},"excerpt":{"rendered":"<p>Los ni\u00f1os<\/p>\n","protected":false},"author":1,"featured_media":57026,"comment_status":"closed","ping_status":"closed","sticky":false,"template":"","format":"standard","meta":{"footnotes":""},"categories":[3],"tags":[30],"class_list":["post-57025","post","type-post","status-publish","format-standard","has-post-thumbnail","hentry","category-regionales","tag-varela"],"_links":{"self":[{"href":"https:\/\/panoramadelsur.com.ar\/index.php?rest_route=\/wp\/v2\/posts\/57025","targetHints":{"allow":["GET"]}}],"collection":[{"href":"https:\/\/panoramadelsur.com.ar\/index.php?rest_route=\/wp\/v2\/posts"}],"about":[{"href":"https:\/\/panoramadelsur.com.ar\/index.php?rest_route=\/wp\/v2\/types\/post"}],"author":[{"embeddable":true,"href":"https:\/\/panoramadelsur.com.ar\/index.php?rest_route=\/wp\/v2\/users\/1"}],"replies":[{"embeddable":true,"href":"https:\/\/panoramadelsur.com.ar\/index.php?rest_route=%2Fwp%2Fv2%2Fcomments&post=57025"}],"version-history":[{"count":1,"href":"https:\/\/panoramadelsur.com.ar\/index.php?rest_route=\/wp\/v2\/posts\/57025\/revisions"}],"predecessor-version":[{"id":57027,"href":"https:\/\/panoramadelsur.com.ar\/index.php?rest_route=\/wp\/v2\/posts\/57025\/revisions\/57027"}],"wp:featuredmedia":[{"embeddable":true,"href":"https:\/\/panoramadelsur.com.ar\/index.php?rest_route=\/wp\/v2\/media\/57026"}],"wp:attachment":[{"href":"https:\/\/panoramadelsur.com.ar\/index.php?rest_route=%2Fwp%2Fv2%2Fmedia&parent=57025"}],"wp:term":[{"taxonomy":"category","embeddable":true,"href":"https:\/\/panoramadelsur.com.ar\/index.php?rest_route=%2Fwp%2Fv2%2Fcategories&post=57025"},{"taxonomy":"post_tag","embeddable":true,"href":"https:\/\/panoramadelsur.com.ar\/index.php?rest_route=%2Fwp%2Fv2%2Ftags&post=57025"}],"curies":[{"name":"wp","href":"https:\/\/api.w.org\/{rel}","templated":true}]}}