{"id":57081,"date":"2025-10-31T01:09:00","date_gmt":"2025-10-31T04:09:00","guid":{"rendered":"https:\/\/panoramadelsur.com.ar\/?p=57081"},"modified":"2025-10-06T18:57:47","modified_gmt":"2025-10-06T21:57:47","slug":"agustin-ronconi-en-banda-llega-al-teatro-de-la-moreno","status":"publish","type":"post","link":"https:\/\/panoramadelsur.com.ar\/?p=57081","title":{"rendered":"AGUST\u00cdN RONCONI EN BANDA LLEGA AL TEATRO DE LA MORENO"},"content":{"rendered":"\n<p>El m\u00fasico quilme\u00f1o presenta su nueva banda en el teatro de la Asociaci\u00f3n Cultural Mariano Moreno. Parte de lo recaudado ser\u00e1 destinado a la campa\u00f1a solidaria de La Moreno para resguardar la Plaza Pardo en el centro de la ciudad.<\/p>\n\n\n\n<p>El s\u00e1bado 8 de noviembre, Agust\u00edn Ronconi presenta su nuevo proyecto musical en el teatro de La Moreno de Bernal. El cantante y compositor vuelve al sur del Gran Buenos Aires junto a m\u00fasicos quilme\u00f1os y viejos compa\u00f1eros de ruta para compartir las canciones que sembr\u00f3 durante 30 a\u00f1os y estrenar nuevas melod\u00edas con su banda. El recital contar\u00e1 con la presencia de Sebasti\u00e1n Fern\u00e1ndez como artista invitado.<\/p>\n\n\n\n<p>Actualmente, el grupo est\u00e1 conformado por Agust\u00edn Ronconi (voz, guitarras, charango, ronroco, flauta traversa y quena), Marian Hinterwimmer (voz, acorde\u00f3n, teclados y ronroco), Fer Balbi (bajo y coros), Gaita Freire (percusi\u00f3n) y Dani Dieguez (bater\u00eda). Con un amplio despliegue instrumental y un minucioso trabajo en sus arreglos, la banda explora distintos g\u00e9neros y estilos de la m\u00fasica popular para desdibujar sus l\u00edmites y crear una identidad propia.<\/p>\n\n\n\n<p>A lo largo de su trayectoria musical, el fundador de Arbolito, \u00c1cido Criollo y M\u00fasicas Mochileras ha mostrado su compromiso social y su apoyo a distintas causas solidarias. El recital que brindar\u00e1 con su banda en el teatro de La Moreno no ser\u00e1 la excepci\u00f3n: una parte de la recaudaci\u00f3n por la venta de entradas ser\u00e1 destinada a la campa\u00f1a Salvemos la Plaza de Bernal. En junio de este a\u00f1o, la Asociaci\u00f3n Cultural Mariano Moreno lanz\u00f3 esta iniciativa para conservar la Plaza Pardo, un espacio verde que la instituci\u00f3n abri\u00f3 al p\u00fablico en 1992, y que hoy est\u00e1 en peligro por la grave situaci\u00f3n que atraviesa La Moreno luego de la pandemia de COVID-19.<\/p>\n\n\n\n<p>Las entradas est\u00e1n en venta en la boleter\u00eda del teatro y en passline.com.<\/p>\n","protected":false},"excerpt":{"rendered":"<p>El m\u00fasico<\/p>\n","protected":false},"author":1,"featured_media":57082,"comment_status":"closed","ping_status":"closed","sticky":false,"template":"","format":"standard","meta":{"footnotes":""},"categories":[2],"tags":[17],"class_list":["post-57081","post","type-post","status-publish","format-standard","has-post-thumbnail","hentry","category-quilmes","tag-quilmes"],"_links":{"self":[{"href":"https:\/\/panoramadelsur.com.ar\/index.php?rest_route=\/wp\/v2\/posts\/57081","targetHints":{"allow":["GET"]}}],"collection":[{"href":"https:\/\/panoramadelsur.com.ar\/index.php?rest_route=\/wp\/v2\/posts"}],"about":[{"href":"https:\/\/panoramadelsur.com.ar\/index.php?rest_route=\/wp\/v2\/types\/post"}],"author":[{"embeddable":true,"href":"https:\/\/panoramadelsur.com.ar\/index.php?rest_route=\/wp\/v2\/users\/1"}],"replies":[{"embeddable":true,"href":"https:\/\/panoramadelsur.com.ar\/index.php?rest_route=%2Fwp%2Fv2%2Fcomments&post=57081"}],"version-history":[{"count":1,"href":"https:\/\/panoramadelsur.com.ar\/index.php?rest_route=\/wp\/v2\/posts\/57081\/revisions"}],"predecessor-version":[{"id":57083,"href":"https:\/\/panoramadelsur.com.ar\/index.php?rest_route=\/wp\/v2\/posts\/57081\/revisions\/57083"}],"wp:featuredmedia":[{"embeddable":true,"href":"https:\/\/panoramadelsur.com.ar\/index.php?rest_route=\/wp\/v2\/media\/57082"}],"wp:attachment":[{"href":"https:\/\/panoramadelsur.com.ar\/index.php?rest_route=%2Fwp%2Fv2%2Fmedia&parent=57081"}],"wp:term":[{"taxonomy":"category","embeddable":true,"href":"https:\/\/panoramadelsur.com.ar\/index.php?rest_route=%2Fwp%2Fv2%2Fcategories&post=57081"},{"taxonomy":"post_tag","embeddable":true,"href":"https:\/\/panoramadelsur.com.ar\/index.php?rest_route=%2Fwp%2Fv2%2Ftags&post=57081"}],"curies":[{"name":"wp","href":"https:\/\/api.w.org\/{rel}","templated":true}]}}