{"id":57091,"date":"2025-10-08T01:08:00","date_gmt":"2025-10-08T04:08:00","guid":{"rendered":"https:\/\/panoramadelsur.com.ar\/?p=57091"},"modified":"2025-10-06T18:54:02","modified_gmt":"2025-10-06T21:54:02","slug":"se-realizo-el-seminario-movimiento-escenico","status":"publish","type":"post","link":"https:\/\/panoramadelsur.com.ar\/?p=57091","title":{"rendered":"SE REALIZ\u00d3 EL SEMINARIO \u00abMOVIMIENTO ESC\u00c9NICO\u00bb"},"content":{"rendered":"\n<p class=\"wp-block-paragraph\">En el Complejo Cultural Municipal Buena Yunta se llev\u00f3 a cabo el Seminario \u201cMovimiento Esc\u00e9nico\u201d, a cargo de Facundo y Ezequiel Posse. Fue parte del Ciclo \u00abBail\u00e1 la posta\u00bb, una propuesta impulsada por el intendente Juan Jos\u00e9 Mussi con el objetivo de fomentar el aprendizaje de distintas t\u00e9cnicas de danza.<\/p>\n\n\n\n<p class=\"wp-block-paragraph\">Durante el seminario, organizado por la Secretar\u00eda de Cultura y Educaci\u00f3n de la Municipalidad de Berazategui, se trabaj\u00f3 composici\u00f3n, contacto, entrenamiento, interpretaci\u00f3n y preparaci\u00f3n f\u00edsica.<\/p>\n\n\n\n<p class=\"wp-block-paragraph\">Al respecto, Facundo Posse explic\u00f3: \u201c\u2018Movimiento Esc\u00e9nico\u2019 tiene como objetivo desarrollar herramientas que se puedan usar al momento de salir a escena. Tambi\u00e9n buscamos despertar emociones para construir un posible personaje\u201d. Y agreg\u00f3: \u201cGracias por convocarnos. Estamos muy contentos de estar en nuestra ciudad, que siempre fomenta la cultura de distintas maneras\u201d.<\/p>\n\n\n\n<p class=\"wp-block-paragraph\">Para conocer el cronograma cultural de Berazategui, se puede ingresar en berazategui.gob.ar\/cultura\/agenda.<\/p>\n","protected":false},"excerpt":{"rendered":"<p>En el<\/p>\n","protected":false},"author":1,"featured_media":57092,"comment_status":"closed","ping_status":"closed","sticky":false,"template":"","format":"standard","meta":{"footnotes":""},"categories":[3],"tags":[40],"class_list":["post-57091","post","type-post","status-publish","format-standard","has-post-thumbnail","hentry","category-regionales","tag-berazategui"],"_links":{"self":[{"href":"https:\/\/panoramadelsur.com.ar\/index.php?rest_route=\/wp\/v2\/posts\/57091","targetHints":{"allow":["GET"]}}],"collection":[{"href":"https:\/\/panoramadelsur.com.ar\/index.php?rest_route=\/wp\/v2\/posts"}],"about":[{"href":"https:\/\/panoramadelsur.com.ar\/index.php?rest_route=\/wp\/v2\/types\/post"}],"author":[{"embeddable":true,"href":"https:\/\/panoramadelsur.com.ar\/index.php?rest_route=\/wp\/v2\/users\/1"}],"replies":[{"embeddable":true,"href":"https:\/\/panoramadelsur.com.ar\/index.php?rest_route=%2Fwp%2Fv2%2Fcomments&post=57091"}],"version-history":[{"count":1,"href":"https:\/\/panoramadelsur.com.ar\/index.php?rest_route=\/wp\/v2\/posts\/57091\/revisions"}],"predecessor-version":[{"id":57093,"href":"https:\/\/panoramadelsur.com.ar\/index.php?rest_route=\/wp\/v2\/posts\/57091\/revisions\/57093"}],"wp:featuredmedia":[{"embeddable":true,"href":"https:\/\/panoramadelsur.com.ar\/index.php?rest_route=\/wp\/v2\/media\/57092"}],"wp:attachment":[{"href":"https:\/\/panoramadelsur.com.ar\/index.php?rest_route=%2Fwp%2Fv2%2Fmedia&parent=57091"}],"wp:term":[{"taxonomy":"category","embeddable":true,"href":"https:\/\/panoramadelsur.com.ar\/index.php?rest_route=%2Fwp%2Fv2%2Fcategories&post=57091"},{"taxonomy":"post_tag","embeddable":true,"href":"https:\/\/panoramadelsur.com.ar\/index.php?rest_route=%2Fwp%2Fv2%2Ftags&post=57091"}],"curies":[{"name":"wp","href":"https:\/\/api.w.org\/{rel}","templated":true}]}}