{"id":57124,"date":"2025-10-08T04:02:24","date_gmt":"2025-10-08T07:02:24","guid":{"rendered":"https:\/\/panoramadelsur.com.ar\/?p=57124"},"modified":"2025-10-08T04:02:25","modified_gmt":"2025-10-08T07:02:25","slug":"el-dt-xeneize-piensa-en-el-reemplazo-de-paredes-para-enfrentar-a-barracas-central","status":"publish","type":"post","link":"https:\/\/panoramadelsur.com.ar\/?p=57124","title":{"rendered":"EL DT XENEIZE PIENSA EN EL REEMPLAZO DE PAREDES PARA ENFRENTAR A BARRACAS CENTRAL"},"content":{"rendered":"\n<p class=\"wp-block-paragraph\">El mediocampista de Boca, Leandro Paredes, no podr\u00e1 disputar el encuentro del pr\u00f3ximo s\u00e1bado ante Barracas Central por su convocatoria a los amistosos con la Selecci\u00f3n argentina y desde el cuerpo t\u00e9cnico xeneize ya piensan en su reemplazante.<\/p>\n\n\n\n<p class=\"wp-block-paragraph\">Ante esta situaci\u00f3n, el espa\u00f1ol Ander Herrera y el chileno Williams Alarc\u00f3n, pelear\u00edan por el puesto de volante central para acompa\u00f1ar a Rodrigo Battaglia en la mitad de la cancha ante la ausencia del campe\u00f3n del mundo en Qatar 2022.<\/p>\n\n\n\n<p class=\"wp-block-paragraph\">Tras la goleada del pasado domingo ante Newell\u00b4s por 5-0, el elenco de La Ribera buscar\u00e1 volver a sumar de a tres ante el Guapo en un duelo clave por el liderato en la Zona A, correspondiente a la duod\u00e9cima fecha del Torneo Clausura.<\/p>\n\n\n\n<p class=\"wp-block-paragraph\">El cuadro azul y oro, quien tendr\u00e1 a Claudio \u00dabeda a cargo del plantel para el cotejo por el complicado momento de salud que atraviesa el entrenador Miguel \u00c1ngel Russo, marcha primero en el grupo con 17 puntos y una diferencia de gol de +10. Sin embargo, Uni\u00f3n, el propio Barracas Central y Estudiantes de La Plata se encuentran con la misma cantidad de unidades.<\/p>\n\n\n\n<p class=\"wp-block-paragraph\">Adem\u00e1s, la victoria ante la Lepra le permiti\u00f3 a Boca volver a meterse en los puestos de clasificaci\u00f3n para la pr\u00f3xima Copa Libertadores por tabla anual y no querr\u00e1 volver a perder dicho lugar.<\/p>\n\n\n\n<p class=\"wp-block-paragraph\">No obstante, la sensible baja de Paredes, figura indiscutible en Brandsen 805, podr\u00eda generar m\u00e1s prejuicios de los esperados por el cuerpo t\u00e9cnico. Es por eso que el CT empez\u00f3 a barajar opciones de cara al cruce ante los comandados por Rub\u00e9n Dar\u00edo Ins\u00faa.<\/p>\n\n\n\n<p class=\"wp-block-paragraph\">En principio, quien partir\u00eda como favorito para hacerse con el puesto seria Ander Herrera, quien volvi\u00f3 a sumar minutos en la derrota ante Defensa y Justicia por 2-1 en la pasada jornada y disput\u00f3 poco m\u00e1s de 20 minutos en el partido frente a Newell\u00b4s. Sin embargo, Williams Alarc\u00f3n aparece como otro de los posibles sustitutos del ex Paris Saint-Germain y Roma luego de su crecimiento en la consideraci\u00f3n del cuerpo t\u00e9cnico xeneize.<\/p>\n\n\n\n<p class=\"wp-block-paragraph\">Por lo pronto, habr\u00e1 que esperar para conocer quien ser\u00e1 el elegido por \u00dabeda para hacerse cargo de la mitad de la cancha, puesto que el centrocampista de 31 a\u00f1os oriundo de San Justo domina a la perfecci\u00f3n y es una fija en el esquema de Boca.<\/p>\n","protected":false},"excerpt":{"rendered":"<p>El mediocampista<\/p>\n","protected":false},"author":1,"featured_media":57125,"comment_status":"closed","ping_status":"closed","sticky":false,"template":"","format":"standard","meta":{"footnotes":""},"categories":[6],"tags":[],"class_list":["post-57124","post","type-post","status-publish","format-standard","has-post-thumbnail","hentry","category-deportes"],"_links":{"self":[{"href":"https:\/\/panoramadelsur.com.ar\/index.php?rest_route=\/wp\/v2\/posts\/57124","targetHints":{"allow":["GET"]}}],"collection":[{"href":"https:\/\/panoramadelsur.com.ar\/index.php?rest_route=\/wp\/v2\/posts"}],"about":[{"href":"https:\/\/panoramadelsur.com.ar\/index.php?rest_route=\/wp\/v2\/types\/post"}],"author":[{"embeddable":true,"href":"https:\/\/panoramadelsur.com.ar\/index.php?rest_route=\/wp\/v2\/users\/1"}],"replies":[{"embeddable":true,"href":"https:\/\/panoramadelsur.com.ar\/index.php?rest_route=%2Fwp%2Fv2%2Fcomments&post=57124"}],"version-history":[{"count":1,"href":"https:\/\/panoramadelsur.com.ar\/index.php?rest_route=\/wp\/v2\/posts\/57124\/revisions"}],"predecessor-version":[{"id":57126,"href":"https:\/\/panoramadelsur.com.ar\/index.php?rest_route=\/wp\/v2\/posts\/57124\/revisions\/57126"}],"wp:featuredmedia":[{"embeddable":true,"href":"https:\/\/panoramadelsur.com.ar\/index.php?rest_route=\/wp\/v2\/media\/57125"}],"wp:attachment":[{"href":"https:\/\/panoramadelsur.com.ar\/index.php?rest_route=%2Fwp%2Fv2%2Fmedia&parent=57124"}],"wp:term":[{"taxonomy":"category","embeddable":true,"href":"https:\/\/panoramadelsur.com.ar\/index.php?rest_route=%2Fwp%2Fv2%2Fcategories&post=57124"},{"taxonomy":"post_tag","embeddable":true,"href":"https:\/\/panoramadelsur.com.ar\/index.php?rest_route=%2Fwp%2Fv2%2Ftags&post=57124"}],"curies":[{"name":"wp","href":"https:\/\/api.w.org\/{rel}","templated":true}]}}