{"id":57183,"date":"2025-10-14T01:05:00","date_gmt":"2025-10-14T04:05:00","guid":{"rendered":"https:\/\/panoramadelsur.com.ar\/?p=57183"},"modified":"2025-10-12T17:38:36","modified_gmt":"2025-10-12T20:38:36","slug":"con-bajas-generalizadas-en-todos-los-rubros-las-ventas-minoristas-cayeron-un-42-interanual-en-septiembre","status":"publish","type":"post","link":"https:\/\/panoramadelsur.com.ar\/?p=57183","title":{"rendered":"CON BAJAS GENERALIZADAS EN TODOS LOS RUBROS, LAS VENTAS MINORISTAS CAYERON UN 4,2% INTERANUAL EN SEPTIEMBRE"},"content":{"rendered":"\n<p>Las ventas minoristas de las pymes retrocedieron 4,2% interanual en septiembre, cayendo por quinto mes consecutivo, y volvieron a tener una merma mensual, de acuerdo a un relevamiento elaborado por la Confederaci\u00f3n Argentina de la Mediana Empresa (CAME).<\/p>\n\n\n\n<p>El dato implica un nuevo descenso tras la ca\u00edda del 2,6% en agosto, 2% en julio, el 0,5% en junio y el 2,9% en mayo, que hab\u00eda cortado con cinco meses de mediciones positivas, desde el 17,7% de diciembre, el 25,5% de enero, un 24% en febrero, un 10,5% en marzo y un 3,7% en abril.<\/p>\n\n\n\n<p>A pesar de la sucesi\u00f3n de retrocesos en los \u00faltimos registros, en lo que va del 2025 las ventas acumulan un crecimiento interanual del 5%. En tanto, en la comparaci\u00f3n mensual desestacionalizada, el \u00cdndice de Ventas Minoristas Pymes arroj\u00f3 que los comercios registraron un nuevo descenso en el consumo del 2% en el noveno mes del a\u00f1o frente a agosto, acumulando seis meses consecutivos de ca\u00eddas.<\/p>\n\n\n\n<p>Al analizar el escenario relevado, desde CAME sostuvieron que \u201cseptiembre cerr\u00f3 con un retroceso generalizado en las ventas minoristas pymes, reflejando la fragilidad del consumo interno y el impacto de la incertidumbre econ\u00f3mica y pol\u00edtica\u201d.<\/p>\n\n\n\n<p>En este sentido, puntualizaron que \u201cla p\u00e9rdida de poder adquisitivo, el endeudamiento de los hogares y la falta de est\u00edmulos comerciales condicionaron la demanda, en un escenario donde predominan la prudencia y la expectativa de estabilidad de cara a los \u00faltimos meses del a\u00f1o\u201d.<\/p>\n\n\n\n<p>En cuanto a la situaci\u00f3n econ\u00f3mica de los comercios, el relevamiento arroj\u00f3 que \u201cel 55% indic\u00f3 que se mantuvo igual al a\u00f1o pasado\u201d, mientras que un 38% (3 puntos porcentuales m\u00e1s que el mes anterior) afirm\u00f3 que empeor\u00f3, \u201clo cual se reflej\u00f3 en la reducci\u00f3n del porcentaje de comerciantes que percibi\u00f3 una mejora (7,2%)\u201d.<\/p>\n\n\n\n<p>En relaci\u00f3n a la expectativa futura, reflej\u00f3 que \u201cel 47,6% prev\u00e9 una mejora para el pr\u00f3ximo a\u00f1o, el 41,5% considera que la situaci\u00f3n se mantendr\u00e1 sin cambios, y el 10,8% anticipa que ser\u00e1 peor\u201d. En tanto que respecto de la posibilidad de invertir, \u201cel 60,1% considera que no es un buen momento, el 12% que s\u00ed lo es, y el 27,8% no respondi\u00f3 o no tiene una opini\u00f3n definida\u201d.<\/p>\n\n\n\n<p>En el an\u00e1lisis por rubros, la situaci\u00f3n fue homog\u00e9nea, con ca\u00eddas interanuales en todos los sectores. Los m\u00e1s afectados fueron Textil e indumentaria (-10,9%) y Bazar, decoraci\u00f3n, textiles para el hogar y muebles (-6,2%).<\/p>\n\n\n\n<p>En la comparaci\u00f3n intermensual, la tendencia fue similar, salvo en Perfumer\u00eda, que registr\u00f3 un crecimiento del 1,4% respecto del mes anterior, y en Ferreter\u00eda, materiales el\u00e9ctricos y de la construcci\u00f3n, que mantuvo los mismos niveles de ventas.<\/p>\n\n\n\n<p>El rendimiento de cada rubro<\/p>\n\n\n\n<ul class=\"wp-block-list\">\n<li>Alimentos y bebidas: las ventas bajaron un 3,1% en la comparaci\u00f3n interanual, a precios constantes, pero mantienen en el acumulado un aumento del 7,2% en lo que va del a\u00f1o. En la comparaci\u00f3n intermensual desestacionalizada, se registr\u00f3 una ca\u00edda del 1,8%.<\/li>\n\n\n\n<li>Bazar, decoraci\u00f3n, textiles para el hogar y muebles: las ventas bajaron 6,2% interanual en julio, pero suman un incremento del 4,5% en lo que va del a\u00f1o. En el contraste intermensual desestacionalizado, se observ\u00f3 una disminuci\u00f3n del 2,6%.<\/li>\n\n\n\n<li>Calzado y marroquiner\u00eda: las ventas descendieron un 4,3% interanual, pero acumulan un incremento durante el 2025 del 4,4%. En el intermensual se midi\u00f3 una baja del 2,1%.<\/li>\n\n\n\n<li>Farmacia: las ventas retrocedieron un 1,4% interanual pero llevan un alza del 7,5% en lo que va del a\u00f1o. En tanto, en la comparaci\u00f3n intermensual, siempre desestacionalizada, se registr\u00f3 una merma del 1,5%.<\/li>\n\n\n\n<li>Perfumer\u00eda: las ventas cayeron un 6% interanual, pero suman un incremento del 8,8% en el primer semestre. En la comparaci\u00f3n intermensual, hubo una mejora del 1,4%.<\/li>\n\n\n\n<li>Ferreter\u00eda, materiales el\u00e9ctricos y materiales de la construcci\u00f3n: las ventas tuvieron una baja del 0,5% pero acumulan un crecimiento del 4,7% en el 2025. Por su parte, en el intermensual se mantuvieron sin cambios respecto a agosto.<\/li>\n\n\n\n<li>Textil e indumentaria: las ventas cayeron un 10,9% interanual, a precios constantes, pero acumulan un crecimiento del 0,7%. En la comparaci\u00f3n intermensual desestacionalizada, se observ\u00f3 una ca\u00edda del 4,3%.<\/li>\n<\/ul>\n","protected":false},"excerpt":{"rendered":"<p>Las ventas<\/p>\n","protected":false},"author":1,"featured_media":57184,"comment_status":"closed","ping_status":"closed","sticky":false,"template":"","format":"standard","meta":{"footnotes":""},"categories":[4],"tags":[59],"class_list":["post-57183","post","type-post","status-publish","format-standard","has-post-thumbnail","hentry","category-nacionales","tag-nacionales"],"_links":{"self":[{"href":"https:\/\/panoramadelsur.com.ar\/index.php?rest_route=\/wp\/v2\/posts\/57183","targetHints":{"allow":["GET"]}}],"collection":[{"href":"https:\/\/panoramadelsur.com.ar\/index.php?rest_route=\/wp\/v2\/posts"}],"about":[{"href":"https:\/\/panoramadelsur.com.ar\/index.php?rest_route=\/wp\/v2\/types\/post"}],"author":[{"embeddable":true,"href":"https:\/\/panoramadelsur.com.ar\/index.php?rest_route=\/wp\/v2\/users\/1"}],"replies":[{"embeddable":true,"href":"https:\/\/panoramadelsur.com.ar\/index.php?rest_route=%2Fwp%2Fv2%2Fcomments&post=57183"}],"version-history":[{"count":1,"href":"https:\/\/panoramadelsur.com.ar\/index.php?rest_route=\/wp\/v2\/posts\/57183\/revisions"}],"predecessor-version":[{"id":57185,"href":"https:\/\/panoramadelsur.com.ar\/index.php?rest_route=\/wp\/v2\/posts\/57183\/revisions\/57185"}],"wp:featuredmedia":[{"embeddable":true,"href":"https:\/\/panoramadelsur.com.ar\/index.php?rest_route=\/wp\/v2\/media\/57184"}],"wp:attachment":[{"href":"https:\/\/panoramadelsur.com.ar\/index.php?rest_route=%2Fwp%2Fv2%2Fmedia&parent=57183"}],"wp:term":[{"taxonomy":"category","embeddable":true,"href":"https:\/\/panoramadelsur.com.ar\/index.php?rest_route=%2Fwp%2Fv2%2Fcategories&post=57183"},{"taxonomy":"post_tag","embeddable":true,"href":"https:\/\/panoramadelsur.com.ar\/index.php?rest_route=%2Fwp%2Fv2%2Ftags&post=57183"}],"curies":[{"name":"wp","href":"https:\/\/api.w.org\/{rel}","templated":true}]}}