{"id":57274,"date":"2025-10-14T01:02:00","date_gmt":"2025-10-14T04:02:00","guid":{"rendered":"https:\/\/panoramadelsur.com.ar\/?p=57274"},"modified":"2025-10-14T17:33:09","modified_gmt":"2025-10-14T20:33:09","slug":"la-inflacion-de-septiembre-fue-del-21-y-acumula-22-en-lo-que-va-del-ano-clase-media-la-mas-golpeada","status":"publish","type":"post","link":"https:\/\/panoramadelsur.com.ar\/?p=57274","title":{"rendered":"LA INFLACI\u00d3N DE SEPTIEMBRE FUE DEL 2,1% Y ACUMULA 22% EN LO QUE VA DEL A\u00d1O: CLASE MEDIA, LA M\u00c1S GOLPEADA"},"content":{"rendered":"\n<p class=\"wp-block-paragraph\">El Instituto Nacional de Estad\u00edstica y Censos (INDEC) inform\u00f3 este martes que la inflaci\u00f3n de septiembre de 2025 fue del 2,1%.<\/p>\n\n\n\n<p class=\"wp-block-paragraph\">Pero hubo rubros que superaron el 3%, como vivienda, agua, electricidad y combustibles, alquileres y educaci\u00f3n, los servicios claves que consume la clase media, el sector m\u00e1s golpeado por las pol\u00edticas aplicadas por la administraci\u00f3n de Javier Milei desde diciembre de 2023.<\/p>\n\n\n\n<p class=\"wp-block-paragraph\">De esta manera, el \u00cdndice de Precios al Consumidor (IPC) acumula un alza del 22% en los primeros nueve meses del a\u00f1o, y del 31,8% en el a\u00f1o.<\/p>\n\n\n\n<p class=\"wp-block-paragraph\">Seg\u00fan el informe oficial, la divisi\u00f3n que registr\u00f3 la mayor suba mensual fue \u00abVivienda, agua, electricidad, gas y otros combustibles\u00bb, con un 3,1%, impulsada principalmente por los aumentos en las tarifas de servicios p\u00fablicos.<\/p>\n\n\n\n<p class=\"wp-block-paragraph\">En el otro extremo, el rubro de \u00abRestaurantes y hoteles\u00bb fue el que mostr\u00f3 la menor variaci\u00f3n, con un incremento de apenas el 1,1%, lo que podr\u00eda indicar una retracci\u00f3n en el consumo en ese sector.<\/p>\n\n\n\n<p class=\"wp-block-paragraph\">La divisi\u00f3n con mayor incidencia en la variaci\u00f3n mensual regional fue Alimentos y bebidas no alcoh\u00f3licas, excepto en la Patagonia, que fue Transporte.<\/p>\n\n\n\n<p class=\"wp-block-paragraph\">Las dos divisiones que registraron las menores variaciones en septiembre de 2025 fueron Recreaci\u00f3n y cultura (1,3%) y Restaurantes y hoteles (1,1%).<\/p>\n\n\n\n<p class=\"wp-block-paragraph\">A nivel de categor\u00edas, los precios Regulados (2,6%) lideraron el incremento, seguidos de Estacionales (2,2%) e IPC n\u00facleo (1,9%).<\/p>\n","protected":false},"excerpt":{"rendered":"<p>El Instituto<\/p>\n","protected":false},"author":1,"featured_media":57275,"comment_status":"closed","ping_status":"closed","sticky":false,"template":"","format":"standard","meta":{"footnotes":""},"categories":[10,4],"tags":[],"class_list":["post-57274","post","type-post","status-publish","format-standard","has-post-thumbnail","hentry","category-mas-noticias","category-nacionales"],"_links":{"self":[{"href":"https:\/\/panoramadelsur.com.ar\/index.php?rest_route=\/wp\/v2\/posts\/57274","targetHints":{"allow":["GET"]}}],"collection":[{"href":"https:\/\/panoramadelsur.com.ar\/index.php?rest_route=\/wp\/v2\/posts"}],"about":[{"href":"https:\/\/panoramadelsur.com.ar\/index.php?rest_route=\/wp\/v2\/types\/post"}],"author":[{"embeddable":true,"href":"https:\/\/panoramadelsur.com.ar\/index.php?rest_route=\/wp\/v2\/users\/1"}],"replies":[{"embeddable":true,"href":"https:\/\/panoramadelsur.com.ar\/index.php?rest_route=%2Fwp%2Fv2%2Fcomments&post=57274"}],"version-history":[{"count":1,"href":"https:\/\/panoramadelsur.com.ar\/index.php?rest_route=\/wp\/v2\/posts\/57274\/revisions"}],"predecessor-version":[{"id":57276,"href":"https:\/\/panoramadelsur.com.ar\/index.php?rest_route=\/wp\/v2\/posts\/57274\/revisions\/57276"}],"wp:featuredmedia":[{"embeddable":true,"href":"https:\/\/panoramadelsur.com.ar\/index.php?rest_route=\/wp\/v2\/media\/57275"}],"wp:attachment":[{"href":"https:\/\/panoramadelsur.com.ar\/index.php?rest_route=%2Fwp%2Fv2%2Fmedia&parent=57274"}],"wp:term":[{"taxonomy":"category","embeddable":true,"href":"https:\/\/panoramadelsur.com.ar\/index.php?rest_route=%2Fwp%2Fv2%2Fcategories&post=57274"},{"taxonomy":"post_tag","embeddable":true,"href":"https:\/\/panoramadelsur.com.ar\/index.php?rest_route=%2Fwp%2Fv2%2Ftags&post=57274"}],"curies":[{"name":"wp","href":"https:\/\/api.w.org\/{rel}","templated":true}]}}