{"id":57286,"date":"2025-10-14T01:04:00","date_gmt":"2025-10-14T04:04:00","guid":{"rendered":"https:\/\/panoramadelsur.com.ar\/?p=57286"},"modified":"2025-10-14T17:59:50","modified_gmt":"2025-10-14T20:59:50","slug":"cristina-kirchner-sobre-la-advertencia-de-trump-a-milei-argentinos-ya-saben-lo-que-hay-que-hacer","status":"publish","type":"post","link":"https:\/\/panoramadelsur.com.ar\/?p=57286","title":{"rendered":"CRISTINA KIRCHNER, SOBRE LA ADVERTENCIA DE TRUMP A MILEI: \u00abARGENTINOS&#8230; \u00a1YA SABEN LO QUE HAY QUE HACER!\u00bb"},"content":{"rendered":"\n<p>Desde su prisi\u00f3n domiciliaria, la expresidenta Cristina Kirchner se meti\u00f3 de lleno en la pol\u00e9mica por las declaraciones de Donald Trump y utiliz\u00f3 la advertencia del mandatario estadounidense a Javier Milei como un llamado expl\u00edcito a votar en contra del oficialismo en las pr\u00f3ximas elecciones legislativas.<\/p>\n\n\n\n<p>A trav\u00e9s de su cuenta de X (antes Twitter), la exmandataria cit\u00f3 la frase m\u00e1s contundente de Trump durante su encuentro con Milei y la acompa\u00f1\u00f3 con un mensaje directo al electorado.<\/p>\n\n\n\n<p>El posteo de Kirchner fue breve y lapidario. Primero, cit\u00f3 la advertencia del presidente de Estados Unidos: \u00abTrump a Milei en Estados Unidos: &#8216;Nuestros acuerdos est\u00e1n sujetos a quien gane las elecciones\u2019\u00bb.<\/p>\n\n\n\n<p>Acto seguido, agreg\u00f3 su propia arenga de campa\u00f1a: \u00ab\u00a1Argentinos\u2026 ya saben lo que hay que hacer!\u00bb.<\/p>\n\n\n\n<p>El mensaje de la expresidenta capitaliza la controvertida declaraci\u00f3n de Trump, quien este martes en la Casa Blanca condicion\u00f3 el paquete de ayuda financiera a la Argentina \u2014que incluye un swap por 20 mil millones de d\u00f3lares\u2014 a una victoria del oficialismo el pr\u00f3ximo 26 de octubre.<\/p>\n\n\n\n<p>\u00abSi \u00e9l [por Javier Milei] pierde con un candidato de extrema izquierda, no seremos generosos con la Argentina\u00bb, hab\u00eda advertido el presidente norteamericano, en una clara intromisi\u00f3n en la pol\u00edtica interna del pa\u00eds. La respuesta de Cristina Kirchner, citando esa misma amenaza, busca transformar la advertencia en un motor para el voto opositor, en la recta final hacia unas elecciones legislativas que se presentan como un plebiscito para el gobierno de La Libertad Avanza.<\/p>\n","protected":false},"excerpt":{"rendered":"<p>Desde su<\/p>\n","protected":false},"author":1,"featured_media":57287,"comment_status":"closed","ping_status":"closed","sticky":false,"template":"","format":"standard","meta":{"footnotes":""},"categories":[10,4],"tags":[],"class_list":["post-57286","post","type-post","status-publish","format-standard","has-post-thumbnail","hentry","category-mas-noticias","category-nacionales"],"_links":{"self":[{"href":"https:\/\/panoramadelsur.com.ar\/index.php?rest_route=\/wp\/v2\/posts\/57286","targetHints":{"allow":["GET"]}}],"collection":[{"href":"https:\/\/panoramadelsur.com.ar\/index.php?rest_route=\/wp\/v2\/posts"}],"about":[{"href":"https:\/\/panoramadelsur.com.ar\/index.php?rest_route=\/wp\/v2\/types\/post"}],"author":[{"embeddable":true,"href":"https:\/\/panoramadelsur.com.ar\/index.php?rest_route=\/wp\/v2\/users\/1"}],"replies":[{"embeddable":true,"href":"https:\/\/panoramadelsur.com.ar\/index.php?rest_route=%2Fwp%2Fv2%2Fcomments&post=57286"}],"version-history":[{"count":1,"href":"https:\/\/panoramadelsur.com.ar\/index.php?rest_route=\/wp\/v2\/posts\/57286\/revisions"}],"predecessor-version":[{"id":57288,"href":"https:\/\/panoramadelsur.com.ar\/index.php?rest_route=\/wp\/v2\/posts\/57286\/revisions\/57288"}],"wp:featuredmedia":[{"embeddable":true,"href":"https:\/\/panoramadelsur.com.ar\/index.php?rest_route=\/wp\/v2\/media\/57287"}],"wp:attachment":[{"href":"https:\/\/panoramadelsur.com.ar\/index.php?rest_route=%2Fwp%2Fv2%2Fmedia&parent=57286"}],"wp:term":[{"taxonomy":"category","embeddable":true,"href":"https:\/\/panoramadelsur.com.ar\/index.php?rest_route=%2Fwp%2Fv2%2Fcategories&post=57286"},{"taxonomy":"post_tag","embeddable":true,"href":"https:\/\/panoramadelsur.com.ar\/index.php?rest_route=%2Fwp%2Fv2%2Ftags&post=57286"}],"curies":[{"name":"wp","href":"https:\/\/api.w.org\/{rel}","templated":true}]}}