{"id":57296,"date":"2025-10-14T01:03:00","date_gmt":"2025-10-14T04:03:00","guid":{"rendered":"https:\/\/panoramadelsur.com.ar\/?p=57296"},"modified":"2025-10-14T18:17:19","modified_gmt":"2025-10-14T21:17:19","slug":"retiro-vocacional-para-jovenes-de-18-a-30-anos","status":"publish","type":"post","link":"https:\/\/panoramadelsur.com.ar\/?p=57296","title":{"rendered":"RETIRO VOCACIONAL PARA J\u00d3VENES DE 18 A 30 A\u00d1OS"},"content":{"rendered":"\n<p>La Pastoral Vocacional de la Di\u00f3cesis de Quilmes invita a&nbsp;<strong>retiro vocacional&nbsp;<\/strong><em>\u00abDescubriendo tu llamado\u00bb<\/em>&nbsp;para j\u00f3venes de entre 18 y 30 a\u00f1os, que se realizar\u00e1&nbsp;desde el viernes 24 al domingo 26 de octubre&nbsp;al mediod\u00eda&nbsp;en el Seminario diocesano \u00abMar\u00eda Reina de los Ap\u00f3stoles\u00bb (Av. N\u00e9stor Kirchner 3260, Berazategui).<\/p>\n\n\n\n<p>La modalidad en esta propuesta es al estilo ignaciano en d\u00f3nde predominar\u00e1n los momentos de silencio, y con la centralidad en la Palabra de Dios.&nbsp;<\/p>\n\n\n\n<p>Para m\u00e1s informaci\u00f3n escribir un mensaje directo en&nbsp;<strong><a rel=\"noreferrer noopener\" target=\"_blank\" href=\"https:\/\/na01.safelinks.protection.outlook.com\/?url=https%3A%2F%2Fenvios.obisquil.org.ar%2Fc%2F691jwq%2Ftipceslv%2Fumgdsnepmk0&amp;data=05%7C02%7C%7C6244b9f29a5e48d1827e08de06b7e38f%7C84df9e7fe9f640afb435aaaaaaaaaaaa%7C1%7C0%7C638955584023175473%7CUnknown%7CTWFpbGZsb3d8eyJFbXB0eU1hcGkiOnRydWUsIlYiOiIwLjAuMDAwMCIsIlAiOiJXaW4zMiIsIkFOIjoiTWFpbCIsIldUIjoyfQ%3D%3D%7C0%7C%7C%7C&amp;sdata=ZSGmWVW0k5rEBQ2o9o4ZYaqssKuubWySSNnVH1o2lMw%3D&amp;reserved=0\">Instagram.com\/vocacion.quilmes\/<\/a>&nbsp;<\/strong><\/p>\n\n\n\n<p><strong>Para inscribirse ingresar a&nbsp;<a href=\"https:\/\/na01.safelinks.protection.outlook.com\/?url=https%3A%2F%2Fenvios.obisquil.org.ar%2Fc%2F691jwq%2Ftipceslv%2Feolhftkyhxu&amp;data=05%7C02%7C%7C6244b9f29a5e48d1827e08de06b7e38f%7C84df9e7fe9f640afb435aaaaaaaaaaaa%7C1%7C0%7C638955584023210991%7CUnknown%7CTWFpbGZsb3d8eyJFbXB0eU1hcGkiOnRydWUsIlYiOiIwLjAuMDAwMCIsIlAiOiJXaW4zMiIsIkFOIjoiTWFpbCIsIldUIjoyfQ%3D%3D%7C0%7C%7C%7C&amp;sdata=8D7YeUs3MCtbxvw%2BdUQ7KUTrbGcBeKGJsnJfK4O86wM%3D&amp;reserved=0\" target=\"_blank\" rel=\"noreferrer noopener\">https:\/\/forms.gle\/WFcy3gDLwxPikkKH9<\/a>&nbsp;<\/strong><\/p>\n","protected":false},"excerpt":{"rendered":"<p>La Pastoral<\/p>\n","protected":false},"author":1,"featured_media":57297,"comment_status":"closed","ping_status":"closed","sticky":false,"template":"","format":"standard","meta":{"footnotes":""},"categories":[8,2],"tags":[],"class_list":["post-57296","post","type-post","status-publish","format-standard","has-post-thumbnail","hentry","category-para-agendar","category-quilmes"],"_links":{"self":[{"href":"https:\/\/panoramadelsur.com.ar\/index.php?rest_route=\/wp\/v2\/posts\/57296","targetHints":{"allow":["GET"]}}],"collection":[{"href":"https:\/\/panoramadelsur.com.ar\/index.php?rest_route=\/wp\/v2\/posts"}],"about":[{"href":"https:\/\/panoramadelsur.com.ar\/index.php?rest_route=\/wp\/v2\/types\/post"}],"author":[{"embeddable":true,"href":"https:\/\/panoramadelsur.com.ar\/index.php?rest_route=\/wp\/v2\/users\/1"}],"replies":[{"embeddable":true,"href":"https:\/\/panoramadelsur.com.ar\/index.php?rest_route=%2Fwp%2Fv2%2Fcomments&post=57296"}],"version-history":[{"count":1,"href":"https:\/\/panoramadelsur.com.ar\/index.php?rest_route=\/wp\/v2\/posts\/57296\/revisions"}],"predecessor-version":[{"id":57298,"href":"https:\/\/panoramadelsur.com.ar\/index.php?rest_route=\/wp\/v2\/posts\/57296\/revisions\/57298"}],"wp:featuredmedia":[{"embeddable":true,"href":"https:\/\/panoramadelsur.com.ar\/index.php?rest_route=\/wp\/v2\/media\/57297"}],"wp:attachment":[{"href":"https:\/\/panoramadelsur.com.ar\/index.php?rest_route=%2Fwp%2Fv2%2Fmedia&parent=57296"}],"wp:term":[{"taxonomy":"category","embeddable":true,"href":"https:\/\/panoramadelsur.com.ar\/index.php?rest_route=%2Fwp%2Fv2%2Fcategories&post=57296"},{"taxonomy":"post_tag","embeddable":true,"href":"https:\/\/panoramadelsur.com.ar\/index.php?rest_route=%2Fwp%2Fv2%2Ftags&post=57296"}],"curies":[{"name":"wp","href":"https:\/\/api.w.org\/{rel}","templated":true}]}}