{"id":57344,"date":"2025-11-03T01:02:00","date_gmt":"2025-11-03T04:02:00","guid":{"rendered":"https:\/\/panoramadelsur.com.ar\/?p=57344"},"modified":"2025-11-01T16:14:05","modified_gmt":"2025-11-01T19:14:05","slug":"berazategui-conmemora-un-nuevo-aniversario-de-su-autonomia-con-una-gran-fiesta","status":"publish","type":"post","link":"https:\/\/panoramadelsur.com.ar\/?p=57344","title":{"rendered":"BERAZATEGUI CONMEMORA UN NUEVO ANIVERSARIO DE SU AUTONOM\u00cdA CON UNA GRAN FIESTA"},"content":{"rendered":"\n<p>El s\u00e1bado 8 de noviembre, Berazategui celebrar\u00e1 el 65\u00b0 aniversario de su Autonom\u00eda con un nuevo Encuentro Ciudadano en la Plaza San Mart\u00edn (Av. Mitre e\/ 6 y 7). Habr\u00e1 diferentes propuestas para disfrutar junto a familiares y amigos, de manera libre y gratuita. Este ya tradicional festejo, impulsado por el intendente Juan Jos\u00e9 Mussi, comenzar\u00e1 a partir de las 17.00 e incluir\u00e1 un patio gastron\u00f3mico, actividades recreativas, espect\u00e1culos culturales y un cierre a puro ritmo, con los shows en vivo del grupo Tamb\u00f3 Tamb\u00f3 y de Thom\u00e1s Guzm\u00e1n, participante de La Voz Argentina 2025.<\/p>\n\n\n\n<p>El evento se desarrollar\u00e1 en el marco del 34\u00b0 Encuentro Ciudadano por la Autonom\u00eda, organizado por la Municipalidad, a trav\u00e9s de la Secretar\u00eda de Desarrollo Social, Recreaci\u00f3n, Turismo y Deportes, a cargo de Mar\u00eda Laura Lacava. Adem\u00e1s, como cada a\u00f1o, participar\u00e1n todas las \u00e1reas municipales y se exhibir\u00e1n las producciones de colectividades, emprendedores, instituciones intermedias, industrias locales y establecimientos educativos (tanto p\u00fablicos como privados), entre otros.<\/p>\n","protected":false},"excerpt":{"rendered":"<p>El s\u00e1bado<\/p>\n","protected":false},"author":1,"featured_media":57345,"comment_status":"closed","ping_status":"closed","sticky":false,"template":"","format":"standard","meta":{"footnotes":""},"categories":[10,3],"tags":[40],"class_list":["post-57344","post","type-post","status-publish","format-standard","has-post-thumbnail","hentry","category-mas-noticias","category-regionales","tag-berazategui"],"_links":{"self":[{"href":"https:\/\/panoramadelsur.com.ar\/index.php?rest_route=\/wp\/v2\/posts\/57344","targetHints":{"allow":["GET"]}}],"collection":[{"href":"https:\/\/panoramadelsur.com.ar\/index.php?rest_route=\/wp\/v2\/posts"}],"about":[{"href":"https:\/\/panoramadelsur.com.ar\/index.php?rest_route=\/wp\/v2\/types\/post"}],"author":[{"embeddable":true,"href":"https:\/\/panoramadelsur.com.ar\/index.php?rest_route=\/wp\/v2\/users\/1"}],"replies":[{"embeddable":true,"href":"https:\/\/panoramadelsur.com.ar\/index.php?rest_route=%2Fwp%2Fv2%2Fcomments&post=57344"}],"version-history":[{"count":1,"href":"https:\/\/panoramadelsur.com.ar\/index.php?rest_route=\/wp\/v2\/posts\/57344\/revisions"}],"predecessor-version":[{"id":57346,"href":"https:\/\/panoramadelsur.com.ar\/index.php?rest_route=\/wp\/v2\/posts\/57344\/revisions\/57346"}],"wp:featuredmedia":[{"embeddable":true,"href":"https:\/\/panoramadelsur.com.ar\/index.php?rest_route=\/wp\/v2\/media\/57345"}],"wp:attachment":[{"href":"https:\/\/panoramadelsur.com.ar\/index.php?rest_route=%2Fwp%2Fv2%2Fmedia&parent=57344"}],"wp:term":[{"taxonomy":"category","embeddable":true,"href":"https:\/\/panoramadelsur.com.ar\/index.php?rest_route=%2Fwp%2Fv2%2Fcategories&post=57344"},{"taxonomy":"post_tag","embeddable":true,"href":"https:\/\/panoramadelsur.com.ar\/index.php?rest_route=%2Fwp%2Fv2%2Ftags&post=57344"}],"curies":[{"name":"wp","href":"https:\/\/api.w.org\/{rel}","templated":true}]}}