{"id":57391,"date":"2025-11-17T01:05:00","date_gmt":"2025-11-17T04:05:00","guid":{"rendered":"https:\/\/panoramadelsur.com.ar\/?p=57391"},"modified":"2025-11-16T17:44:45","modified_gmt":"2025-11-16T20:44:45","slug":"la-uia-insiste-en-avanzar-con-reformas-que-impulsen-la-formalizacion-y-sumen-mas-contribuyentes","status":"publish","type":"post","link":"https:\/\/panoramadelsur.com.ar\/?p=57391","title":{"rendered":"LA UIA INSISTE EN AVANZAR CON REFORMAS QUE IMPULSEN LA FORMALIZACI\u00d3N Y SUMEN M\u00c1S CONTRIBUYENTES"},"content":{"rendered":"\n<p class=\"wp-block-paragraph\">El presidente de la Uni\u00f3n Industrial Argentina (UIA), Mart\u00edn Rappallini, renov\u00f3 el pedido de avanzar con reformas que impulsen la formalizaci\u00f3n y ampl\u00eden el universo de contribuyentes en el pa\u00eds.<\/p>\n\n\n\n<p class=\"wp-block-paragraph\">En di\u00e1logo con el programa Mercuriali630 de Radio Rivadavia, el titular de la entidad industrial puso el foco en la baja cantidad de contribuyentes que sostienen la estructura tributaria nacional.<\/p>\n\n\n\n<p class=\"wp-block-paragraph\">Al respecto, sostuvo que \u00abhoy tenemos un problema, que solamente 1.000 CUIT representan el 50% de la recaudaci\u00f3n y 10.000 CUIT son el 75%\u00bb, remarcando que el objetivo principal para los pr\u00f3ximos a\u00f1os debe ser \u00ablograr que se agrande la base de la pir\u00e1mide\u00bb.<\/p>\n\n\n\n<p class=\"wp-block-paragraph\">En este marco, Rappallini inst\u00f3 a buscar mecanismos que permitan a m\u00e1s actores sumarse al pago de impuestos, haciendo referencia a la necesidad de trabajar con los reg\u00edmenes de monotributistas y responsables inscriptos, en l\u00ednea con lo que est\u00e1 analizando la administraci\u00f3n de Javier Milei.<\/p>\n\n\n\n<p class=\"wp-block-paragraph\">Sobre este aspecto, puntualiz\u00f3 que \u201cevidentemente hay que buscar alg\u00fan camino con los monotributistas, tambi\u00e9n con los responsables inscriptos y ver de qu\u00e9 manera se genera un escalonamiento para que m\u00e1s empresas se sumen a pagar impuestos y no est\u00e9n en la informalidad\u201d.<\/p>\n\n\n\n<p class=\"wp-block-paragraph\">Por otro lado, el l\u00edder de la UIA se refiri\u00f3 al contexto pol\u00edtico posterior a los comicios, destacando el espaldarazo que el presidente Milei obtuvo en las urnas, al reconocer que \u00abme parece que todo el mundo est\u00e1 en una posici\u00f3n totalmente distinta que antes de las elecciones\u201d.<\/p>\n\n\n\n<p class=\"wp-block-paragraph\">En esa l\u00ednea, manifest\u00f3 que \u201cha habido una ratificaci\u00f3n por parte de una gran mayor\u00eda de la sociedad en el gobierno de Milei y su pol\u00edtica\u00bb, se\u00f1alando que el mandatario \u00abno est\u00e1 escondiendo lo que quiere hacer, sino que lo dice claramente y ha tenido un respaldo de la sociedad muy importante\u00bb.<\/p>\n","protected":false},"excerpt":{"rendered":"<p>El presidente<\/p>\n","protected":false},"author":1,"featured_media":57392,"comment_status":"closed","ping_status":"closed","sticky":false,"template":"","format":"standard","meta":{"footnotes":""},"categories":[4],"tags":[],"class_list":["post-57391","post","type-post","status-publish","format-standard","has-post-thumbnail","hentry","category-nacionales"],"_links":{"self":[{"href":"https:\/\/panoramadelsur.com.ar\/index.php?rest_route=\/wp\/v2\/posts\/57391","targetHints":{"allow":["GET"]}}],"collection":[{"href":"https:\/\/panoramadelsur.com.ar\/index.php?rest_route=\/wp\/v2\/posts"}],"about":[{"href":"https:\/\/panoramadelsur.com.ar\/index.php?rest_route=\/wp\/v2\/types\/post"}],"author":[{"embeddable":true,"href":"https:\/\/panoramadelsur.com.ar\/index.php?rest_route=\/wp\/v2\/users\/1"}],"replies":[{"embeddable":true,"href":"https:\/\/panoramadelsur.com.ar\/index.php?rest_route=%2Fwp%2Fv2%2Fcomments&post=57391"}],"version-history":[{"count":1,"href":"https:\/\/panoramadelsur.com.ar\/index.php?rest_route=\/wp\/v2\/posts\/57391\/revisions"}],"predecessor-version":[{"id":57393,"href":"https:\/\/panoramadelsur.com.ar\/index.php?rest_route=\/wp\/v2\/posts\/57391\/revisions\/57393"}],"wp:featuredmedia":[{"embeddable":true,"href":"https:\/\/panoramadelsur.com.ar\/index.php?rest_route=\/wp\/v2\/media\/57392"}],"wp:attachment":[{"href":"https:\/\/panoramadelsur.com.ar\/index.php?rest_route=%2Fwp%2Fv2%2Fmedia&parent=57391"}],"wp:term":[{"taxonomy":"category","embeddable":true,"href":"https:\/\/panoramadelsur.com.ar\/index.php?rest_route=%2Fwp%2Fv2%2Fcategories&post=57391"},{"taxonomy":"post_tag","embeddable":true,"href":"https:\/\/panoramadelsur.com.ar\/index.php?rest_route=%2Fwp%2Fv2%2Ftags&post=57391"}],"curies":[{"name":"wp","href":"https:\/\/api.w.org\/{rel}","templated":true}]}}