{"id":57445,"date":"2025-12-12T01:09:00","date_gmt":"2025-12-12T04:09:00","guid":{"rendered":"https:\/\/panoramadelsur.com.ar\/?p=57445"},"modified":"2025-12-09T10:01:20","modified_gmt":"2025-12-09T13:01:20","slug":"los-bomberos-voluntarios-de-florencio-varela-cumplen-70-anos-al-servicio-de-la-comunidad","status":"publish","type":"post","link":"https:\/\/panoramadelsur.com.ar\/?p=57445","title":{"rendered":"LOS BOMBEROS VOLUNTARIOS DE FLORENCIO VARELA CUMPLEN 70 A\u00d1OS AL SERVICIO DE LA COMUNIDAD"},"content":{"rendered":"\n<p>El domingo 14 de diciembre, la instituci\u00f3n organiza un desfile para festejar un nuevo aniversario, a partir de las 10 hs. en Av. San Mart\u00edn, desde Pres. Arturo Illia hasta calle Castelli.<\/p>\n\n\n\n<p>\u201cEs una celebraci\u00f3n con los once cuarteles invitados de la regi\u00f3n, veteranos de guerra de Malvinas, fuerzas de seguridad, autoridades municipales y entidades intermedias\u201d, describe Fabi\u00e1n N\u00fa\u00f1ez -bombero voluntario con 35 a\u00f1os de servicio- durante una entrevista en la radio comunal.<\/p>\n\n\n\n<p>Para atraer a la audiencia, anticipa \u201cuna sorpresa muy hermosa, que va a emocionar y generar un ambiente divertido en la gente\u201d para el cierre del recorrido. Espera \u201cel acompa\u00f1amiento de la ciudadan\u00eda: es un lindo momento para que nos conozcan\u201d.<\/p>\n\n\n\n<p>Cabe recordar que el cuerpo varelense conmemorar\u00e1 su d\u00eda el 28 del corriente mes con su formaci\u00f3n t\u00edpica, izamiento de la bandera y el recuerdo de quienes forman parte de la historia del establecimiento.<\/p>\n","protected":false},"excerpt":{"rendered":"<p>El domingo<\/p>\n","protected":false},"author":1,"featured_media":57446,"comment_status":"closed","ping_status":"closed","sticky":false,"template":"","format":"standard","meta":{"footnotes":""},"categories":[3],"tags":[30],"class_list":["post-57445","post","type-post","status-publish","format-standard","has-post-thumbnail","hentry","category-regionales","tag-varela"],"_links":{"self":[{"href":"https:\/\/panoramadelsur.com.ar\/index.php?rest_route=\/wp\/v2\/posts\/57445","targetHints":{"allow":["GET"]}}],"collection":[{"href":"https:\/\/panoramadelsur.com.ar\/index.php?rest_route=\/wp\/v2\/posts"}],"about":[{"href":"https:\/\/panoramadelsur.com.ar\/index.php?rest_route=\/wp\/v2\/types\/post"}],"author":[{"embeddable":true,"href":"https:\/\/panoramadelsur.com.ar\/index.php?rest_route=\/wp\/v2\/users\/1"}],"replies":[{"embeddable":true,"href":"https:\/\/panoramadelsur.com.ar\/index.php?rest_route=%2Fwp%2Fv2%2Fcomments&post=57445"}],"version-history":[{"count":1,"href":"https:\/\/panoramadelsur.com.ar\/index.php?rest_route=\/wp\/v2\/posts\/57445\/revisions"}],"predecessor-version":[{"id":57447,"href":"https:\/\/panoramadelsur.com.ar\/index.php?rest_route=\/wp\/v2\/posts\/57445\/revisions\/57447"}],"wp:featuredmedia":[{"embeddable":true,"href":"https:\/\/panoramadelsur.com.ar\/index.php?rest_route=\/wp\/v2\/media\/57446"}],"wp:attachment":[{"href":"https:\/\/panoramadelsur.com.ar\/index.php?rest_route=%2Fwp%2Fv2%2Fmedia&parent=57445"}],"wp:term":[{"taxonomy":"category","embeddable":true,"href":"https:\/\/panoramadelsur.com.ar\/index.php?rest_route=%2Fwp%2Fv2%2Fcategories&post=57445"},{"taxonomy":"post_tag","embeddable":true,"href":"https:\/\/panoramadelsur.com.ar\/index.php?rest_route=%2Fwp%2Fv2%2Ftags&post=57445"}],"curies":[{"name":"wp","href":"https:\/\/api.w.org\/{rel}","templated":true}]}}