{"id":57458,"date":"2025-12-15T01:02:00","date_gmt":"2025-12-15T04:02:00","guid":{"rendered":"https:\/\/panoramadelsur.com.ar\/?p=57458"},"modified":"2025-12-14T08:28:25","modified_gmt":"2025-12-14T11:28:25","slug":"fiestas-sin-riesgos-prohibido-el-uso-de-pirotecnia-en-berazategui","status":"publish","type":"post","link":"https:\/\/panoramadelsur.com.ar\/?p=57458","title":{"rendered":"FIESTAS SIN RIESGOS: PROHIBIDO EL USO DE PIROTECNIA EN BERAZATEGUI"},"content":{"rendered":"\n<p>De cara a las celebraciones de Navidad y A\u00f1o Nuevo, la Municipalidad de Berazategui recuerda a la comunidad que est\u00e1 prohibido comprar, vender y utilizar pirotecnia en todo el distrito. La medida rige desde la sanci\u00f3n de la Ordenanza Municipal N\u00ba 4208 (2008), que busca prevenir accidentes y proteger la salud de los vecinos y vecinas.<\/p>\n\n\n\n<p>La manipulaci\u00f3n de cohetes y fuegos artificiales puede provocar lesiones graves e irreversibles como quemaduras, da\u00f1os auditivos y oculares. Adem\u00e1s, las explosiones impactan especialmente en ni\u00f1os y ni\u00f1as con Trastornos del Espectro Autista (TEA), veteranos de guerra, personas mayores y animales, que pueden sufrir estr\u00e9s, p\u00e1nico, taquicardia y otras complicaciones.<\/p>\n\n\n\n<p>Ante cualquier emergencia o para denunciar la venta ilegal de pirotecnia, se puede llamar al Centro de Operaciones Municipal (COM), disponible las 24 horas, a trav\u00e9s de las l\u00edneas 0800-999-2525\/0247.<\/p>\n\n\n\n<p>Como cada a\u00f1o, el Municipio invita a celebrar de manera responsable y sin pirotecnia, recordando que la principal medida de prevenci\u00f3n es evitar su compra y uso.<\/p>\n","protected":false},"excerpt":{"rendered":"<p>De cara<\/p>\n","protected":false},"author":1,"featured_media":57459,"comment_status":"closed","ping_status":"closed","sticky":false,"template":"","format":"standard","meta":{"footnotes":""},"categories":[10,3],"tags":[40],"class_list":["post-57458","post","type-post","status-publish","format-standard","has-post-thumbnail","hentry","category-mas-noticias","category-regionales","tag-berazategui"],"_links":{"self":[{"href":"https:\/\/panoramadelsur.com.ar\/index.php?rest_route=\/wp\/v2\/posts\/57458","targetHints":{"allow":["GET"]}}],"collection":[{"href":"https:\/\/panoramadelsur.com.ar\/index.php?rest_route=\/wp\/v2\/posts"}],"about":[{"href":"https:\/\/panoramadelsur.com.ar\/index.php?rest_route=\/wp\/v2\/types\/post"}],"author":[{"embeddable":true,"href":"https:\/\/panoramadelsur.com.ar\/index.php?rest_route=\/wp\/v2\/users\/1"}],"replies":[{"embeddable":true,"href":"https:\/\/panoramadelsur.com.ar\/index.php?rest_route=%2Fwp%2Fv2%2Fcomments&post=57458"}],"version-history":[{"count":1,"href":"https:\/\/panoramadelsur.com.ar\/index.php?rest_route=\/wp\/v2\/posts\/57458\/revisions"}],"predecessor-version":[{"id":57460,"href":"https:\/\/panoramadelsur.com.ar\/index.php?rest_route=\/wp\/v2\/posts\/57458\/revisions\/57460"}],"wp:featuredmedia":[{"embeddable":true,"href":"https:\/\/panoramadelsur.com.ar\/index.php?rest_route=\/wp\/v2\/media\/57459"}],"wp:attachment":[{"href":"https:\/\/panoramadelsur.com.ar\/index.php?rest_route=%2Fwp%2Fv2%2Fmedia&parent=57458"}],"wp:term":[{"taxonomy":"category","embeddable":true,"href":"https:\/\/panoramadelsur.com.ar\/index.php?rest_route=%2Fwp%2Fv2%2Fcategories&post=57458"},{"taxonomy":"post_tag","embeddable":true,"href":"https:\/\/panoramadelsur.com.ar\/index.php?rest_route=%2Fwp%2Fv2%2Ftags&post=57458"}],"curies":[{"name":"wp","href":"https:\/\/api.w.org\/{rel}","templated":true}]}}