{"id":57464,"date":"2025-12-15T01:05:00","date_gmt":"2025-12-15T04:05:00","guid":{"rendered":"https:\/\/panoramadelsur.com.ar\/?p=57464"},"modified":"2025-12-14T10:07:22","modified_gmt":"2025-12-14T13:07:22","slug":"eva-mieri-entrego-anteojos-a-estudiantes-de-1o-grado-en-el-marco-del-programa-ver-para-aprender","status":"publish","type":"post","link":"https:\/\/panoramadelsur.com.ar\/?p=57464","title":{"rendered":"EVA MIERI ENTREG\u00d3 ANTEOJOS A ESTUDIANTES DE 1\u00ba GRADO EN EL MARCO DEL PROGRAMA \u00abVER PARA APRENDER\u00bb"},"content":{"rendered":"\n<p>La intendenta interina de Quilmes, Eva Mieri, particip\u00f3 el jueves de una entrega de lentes como parte del programa \u201cVer para Aprender\u201d, una iniciativa que apunta mejorar la trayectoria educativa de estudiantes de escuelas del distrito con problemas en su agudeza visual. El operativo se desarroll\u00f3 en la Escuela Primaria N\u00ba 4, ubicada en calle 827 N\u00ba 2525, en San Francisco Solano.<\/p>\n\n\n\n<p>\u201cLa salud visual en la infancia es fundamental para el desarrollo integral de nuestros ni\u00f1os. Ver bien no es solo una cuesti\u00f3n de comodidad: es una herramienta clave para aprender, explorar y relacionarse con el mundo que los rodea. No hay nada m\u00e1s hermoso que ver a los pibes y las pibas elegir sus lentes, probarlos y sonr\u00edan, al igual que sus familias sabiendo que hay un Estado Municipal que los acompa\u00f1a\u201d, expres\u00f3 Eva Mieri.<\/p>\n\n\n\n<p>Y destac\u00f3: \u201cSeguimos profundizando el camino que nos inculca a diario nuestra querida compa\u00f1era Mayra Mendoza: una gesti\u00f3n que cuida, que iguala oportunidades y que pone siempre en el centro a las familias quilme\u00f1as, porque as\u00ed es como se construye comunidad y dignidad todos los d\u00edas, con el coraz\u00f3n y siempre para adelante\u201d.<\/p>\n\n\n\n<p>A lo largo de este a\u00f1o, la jornada de \u201cVer para Aprender\u201d, que hoy cont\u00f3 con la presencia de las secretarias de Salud, Natalia N\u00e1poli, y de Educaci\u00f3n y Culturas, Evangelina Ram\u00edrez, y que es un trabajo conjunto entre Municipio de Quilmes, el Ministerio de Salud de la Provincia de Buenos Aires y la Fundaci\u00f3n del Banco Provincia, se realiz\u00f3 en 7 escuelas primarias donde fueron evaluados 183 ni\u00f1os y ni\u00f1as de 1\u00ba grado y tambi\u00e9n algunos estudiantes de otros grados que ya ten\u00edan alg\u00fan problema de la agudeza visual detectado. De las 183 evaluaciones surgi\u00f3 que hab\u00eda 72 ni\u00f1os y ni\u00f1as con necesidad de lentes por alteraciones en su visi\u00f3n. En esta oportunidad se entregaron 10 lentes a estudiantes de la EP N\u00ba 4 de Solano, acompa\u00f1ados por sus familias.<\/p>\n\n\n\n<p>El programa consiste en una estrategia de evaluaci\u00f3n, atenci\u00f3n oftalmol\u00f3gica, y acceso a anteojos para quienes lo necesiten, dirigida principalmente a estudiantes de primer grado de escuelas primarias, con el fin de promover el cuidado de la salud visual en todos los \u00e1mbitos de la vida cotidiana y el desarrollo de trayectorias educativas m\u00e1s plenas.<\/p>\n\n\n\n<p>Asimismo, los operativos se desarrollan en establecimientos de gesti\u00f3n estatal bajo tres instancias fundamentales, la primera de testeo de agudeza visual, donde se realiza un estudio para detectar si las y los estudiantes presentan alg\u00fan tipo de dificultad. El segundo, de evaluaci\u00f3n, para determinar si existe concretamente una disminuci\u00f3n visual y finalmente la tercera, la entrega de anteojos en caso de ser necesaria, que se realiza de forma diferida cuando los mismos ya est\u00e1n listos.<\/p>\n","protected":false},"excerpt":{"rendered":"<p>La intendenta<\/p>\n","protected":false},"author":1,"featured_media":57465,"comment_status":"closed","ping_status":"closed","sticky":false,"template":"","format":"standard","meta":{"footnotes":""},"categories":[2],"tags":[],"class_list":["post-57464","post","type-post","status-publish","format-standard","has-post-thumbnail","hentry","category-quilmes"],"_links":{"self":[{"href":"https:\/\/panoramadelsur.com.ar\/index.php?rest_route=\/wp\/v2\/posts\/57464","targetHints":{"allow":["GET"]}}],"collection":[{"href":"https:\/\/panoramadelsur.com.ar\/index.php?rest_route=\/wp\/v2\/posts"}],"about":[{"href":"https:\/\/panoramadelsur.com.ar\/index.php?rest_route=\/wp\/v2\/types\/post"}],"author":[{"embeddable":true,"href":"https:\/\/panoramadelsur.com.ar\/index.php?rest_route=\/wp\/v2\/users\/1"}],"replies":[{"embeddable":true,"href":"https:\/\/panoramadelsur.com.ar\/index.php?rest_route=%2Fwp%2Fv2%2Fcomments&post=57464"}],"version-history":[{"count":1,"href":"https:\/\/panoramadelsur.com.ar\/index.php?rest_route=\/wp\/v2\/posts\/57464\/revisions"}],"predecessor-version":[{"id":57466,"href":"https:\/\/panoramadelsur.com.ar\/index.php?rest_route=\/wp\/v2\/posts\/57464\/revisions\/57466"}],"wp:featuredmedia":[{"embeddable":true,"href":"https:\/\/panoramadelsur.com.ar\/index.php?rest_route=\/wp\/v2\/media\/57465"}],"wp:attachment":[{"href":"https:\/\/panoramadelsur.com.ar\/index.php?rest_route=%2Fwp%2Fv2%2Fmedia&parent=57464"}],"wp:term":[{"taxonomy":"category","embeddable":true,"href":"https:\/\/panoramadelsur.com.ar\/index.php?rest_route=%2Fwp%2Fv2%2Fcategories&post=57464"},{"taxonomy":"post_tag","embeddable":true,"href":"https:\/\/panoramadelsur.com.ar\/index.php?rest_route=%2Fwp%2Fv2%2Ftags&post=57464"}],"curies":[{"name":"wp","href":"https:\/\/api.w.org\/{rel}","templated":true}]}}