{"id":57476,"date":"2025-12-18T01:03:00","date_gmt":"2025-12-18T04:03:00","guid":{"rendered":"https:\/\/panoramadelsur.com.ar\/?p=57476"},"modified":"2025-12-14T11:16:45","modified_gmt":"2025-12-14T14:16:45","slug":"llega-una-nueva-edicion-de-las-noches-de-quilmes-a-los-cuatro-centros-comerciales-del-distrito-para-las-compras-de-navidad","status":"publish","type":"post","link":"https:\/\/panoramadelsur.com.ar\/?p=57476","title":{"rendered":"LLEGA UNA NUEVA EDICI\u00d3N DE \u00abLAS NOCHES DE QUILMES\u00bb A LOS CUATRO CENTROS COMERCIALES DEL DISTRITO PARA LAS COMPRAS DE NAVIDAD"},"content":{"rendered":"\n<p>El Municipio de Quilmes informa que desde el s\u00e1bado 20 al martes 23 de diciembre se llevar\u00e1 adelante una nueva edici\u00f3n de \u201cLas Noches de Quilmes\u201d en los principales centros comerciales de la ciudad, donde los vecinos y vecinas podr\u00e1n acercarse a realizar las compras y regalos de Navidad con importantes descuentos y rebajas, adem\u00e1s de beneficios especiales a los usuarios de la tarjeta Somos Quilmes. Cada localidad tendr\u00e1 asignada una jornada, en el horario que va de 16 a 22.<\/p>\n\n\n\n<p>Cada una de las noches contar\u00e1 con una feria gastron\u00f3mica, shows en vivo, intervenciones art\u00edsticas, promociones especiales, sorteos y muchas m\u00e1s sorpresas.<\/p>\n\n\n\n<p>En este marco, el cronograma de d\u00edas y lugares con promociones es el siguiente:<br>-S\u00e1bado 20\/12: \u201cLa Noche de Ezpeleta\u201d, en avenida Centenario desde Sobral hasta Per\u00fa, y Chile entre San Mart\u00edn y Centenario.<br>-Domingo 21\/12: \u201cLa Noche de Quilmes\u201d, desde Videla hasta Garibaldi, y desde Hip\u00f3lito Yrigoyen a Paz.<br>-Lunes 22\/12: \u201cLa Noche de Bernal\u201d, en 9 de Julio entre San Mart\u00edn y Lavalle, en Belgrano entre Castro Barros y Avellaneda.<br>-Martes 23\/12: \u201cLa Noche de Solano\u201d, sobre la avenida 844 entre 893 y Donato \u00c1lvarez.<\/p>\n\n\n\n<p>Esta iniciativa es concretada por la Comuna, en conjunto con las C\u00e1maras de Comerciantes de los Quilmes, Bernal, Ezpeleta y San Francisco Solano, y el Paseo Comercial Quilmes, y tiene como objetivo asistir a la recuperaci\u00f3n econ\u00f3mica del sector, apoyar la actividad comercial y potenciar el consumo y las ventas.<\/p>\n\n\n\n<p>En este marco, habr\u00e1 promociones especiales para aquellos usuarios de la tarjeta de beneficios Somos Quilmes, que se puede obtener de manera virtual, r\u00e1pida, sencilla y gratuita a trav\u00e9s de QuiBot, en la p\u00e1gina web del Municipio de Quilmes o por WhatsApp al 11-4493-4483.<br><br>A su vez, este tipo de acciones beneficia a los consumidores que van a poder realizar las compras navide\u00f1as a precios promocionales, cuidando as\u00ed el bolsillo y la econom\u00eda de cada vecino y vecina de Quilmes.<\/p>\n","protected":false},"excerpt":{"rendered":"<p>El Municipio<\/p>\n","protected":false},"author":1,"featured_media":57477,"comment_status":"closed","ping_status":"closed","sticky":false,"template":"","format":"standard","meta":{"footnotes":""},"categories":[10,2],"tags":[],"class_list":["post-57476","post","type-post","status-publish","format-standard","has-post-thumbnail","hentry","category-mas-noticias","category-quilmes"],"_links":{"self":[{"href":"https:\/\/panoramadelsur.com.ar\/index.php?rest_route=\/wp\/v2\/posts\/57476","targetHints":{"allow":["GET"]}}],"collection":[{"href":"https:\/\/panoramadelsur.com.ar\/index.php?rest_route=\/wp\/v2\/posts"}],"about":[{"href":"https:\/\/panoramadelsur.com.ar\/index.php?rest_route=\/wp\/v2\/types\/post"}],"author":[{"embeddable":true,"href":"https:\/\/panoramadelsur.com.ar\/index.php?rest_route=\/wp\/v2\/users\/1"}],"replies":[{"embeddable":true,"href":"https:\/\/panoramadelsur.com.ar\/index.php?rest_route=%2Fwp%2Fv2%2Fcomments&post=57476"}],"version-history":[{"count":1,"href":"https:\/\/panoramadelsur.com.ar\/index.php?rest_route=\/wp\/v2\/posts\/57476\/revisions"}],"predecessor-version":[{"id":57478,"href":"https:\/\/panoramadelsur.com.ar\/index.php?rest_route=\/wp\/v2\/posts\/57476\/revisions\/57478"}],"wp:featuredmedia":[{"embeddable":true,"href":"https:\/\/panoramadelsur.com.ar\/index.php?rest_route=\/wp\/v2\/media\/57477"}],"wp:attachment":[{"href":"https:\/\/panoramadelsur.com.ar\/index.php?rest_route=%2Fwp%2Fv2%2Fmedia&parent=57476"}],"wp:term":[{"taxonomy":"category","embeddable":true,"href":"https:\/\/panoramadelsur.com.ar\/index.php?rest_route=%2Fwp%2Fv2%2Fcategories&post=57476"},{"taxonomy":"post_tag","embeddable":true,"href":"https:\/\/panoramadelsur.com.ar\/index.php?rest_route=%2Fwp%2Fv2%2Ftags&post=57476"}],"curies":[{"name":"wp","href":"https:\/\/api.w.org\/{rel}","templated":true}]}}