{"id":57528,"date":"2025-12-30T01:09:00","date_gmt":"2025-12-30T04:09:00","guid":{"rendered":"https:\/\/panoramadelsur.com.ar\/?p=57528"},"modified":"2025-12-29T19:32:21","modified_gmt":"2025-12-29T22:32:21","slug":"ceremonia-oficial-por-los-70-anos-de-los-bomberos-voluntarios-de-florencio-varela","status":"publish","type":"post","link":"https:\/\/panoramadelsur.com.ar\/?p=57528","title":{"rendered":"CEREMONIA OFICIAL POR LOS 70 A\u00d1OS DE LOS BOMBEROS VOLUNTARIOS DE FLORENCIO VARELA"},"content":{"rendered":"\n<p>El titular del Ejecutivo local, Andr\u00e9s Watson, otorg\u00f3 cuatro camionetas equipadas para tareas operativas en el acto por la conmemoraci\u00f3n del aniversario de la entidad, realizado el domingo por la ma\u00f1ana en las instalaciones de la calle 25 de Mayo, entre Dorrego y Urquiza.<\/p>\n\n\n\n<p>Durante la ceremonia, la m\u00e1xima autoridad distrital valor\u00f3 \u201clas siete d\u00e9cadas de trayectoria del cuartel, en las que siempre prevalecieron los principios fundamentales: el honor, la valent\u00eda y la entrega solidaria\u201d.<\/p>\n\n\n\n<p>El Jefe Comunal resalt\u00f3 \u201cel respeto colectivo reflejado en el desfile de d\u00edas atr\u00e1s\u201d. Ponder\u00f3 \u201cla disponibilidad constante del personal en actividad junto a las y los aspirantes con la misi\u00f3n de resguardar la integridad de la ciudadan\u00eda\u201d.<\/p>\n\n\n\n<p>El presidente anfitri\u00f3n, Sergio Garc\u00eda, hizo hincapi\u00e9 en \u201cla permanente dedicaci\u00f3n para consolidar la sede actual\u201d. Tambi\u00e9n record\u00f3 a \u201clos protagonistas iniciales que impulsaron la conformaci\u00f3n de este espacio con el objetivo de proteger a la poblaci\u00f3n\u201d. \u201cFue una manera de devolverle a la comunidad de Florencio Varela lo que nos dio\u201d, concluy\u00f3.<\/p>\n\n\n\n<p>Con m\u00e1s de treinta a\u00f1os de servicio, el miembro de reserva Juan Carlos Maffioli -oriundo de Mayol- defini\u00f3 la jornada como \u201cun encuentro emotivo, atravesado por la grata sorpresa que signific\u00f3 la incorporaci\u00f3n de los veh\u00edculos aportados por el Municipio, elementos esenciales en el desempe\u00f1o cotidiano\u201d.<\/p>\n\n\n\n<p>\u201cMi motivaci\u00f3n en todo momento fue ayudar a quien lo necesit\u00f3 desde la responsabilidad, sin diferencias y con compromiso genuino\u201d, se\u00f1al\u00f3 el Comandante Mayor Osvaldo Garraza. \u201cEn reiteradas oportunidades, me cruc\u00e9 con personas asistidas que me expresaron su agradecimiento. Fue profundamente reconfortante\u201d, relat\u00f3 el agente residente en Santa Ana.<\/p>\n\n\n\n<p>En el evento, hubo intercambio de placas alusivas a la fecha. Adem\u00e1s, fue presentada una unidad de transporte adquirida por la instituci\u00f3n.<\/p>\n\n\n\n<p>Estuvieron el presidente del Honorable Concejo Deliberante, Gustavo Rearte, y el secretario de Gobierno, Daniel Dono Leidi.<\/p>\n","protected":false},"excerpt":{"rendered":"<p>El titular<\/p>\n","protected":false},"author":1,"featured_media":57529,"comment_status":"closed","ping_status":"closed","sticky":false,"template":"","format":"standard","meta":{"footnotes":""},"categories":[3],"tags":[30],"class_list":["post-57528","post","type-post","status-publish","format-standard","has-post-thumbnail","hentry","category-regionales","tag-varela"],"_links":{"self":[{"href":"https:\/\/panoramadelsur.com.ar\/index.php?rest_route=\/wp\/v2\/posts\/57528","targetHints":{"allow":["GET"]}}],"collection":[{"href":"https:\/\/panoramadelsur.com.ar\/index.php?rest_route=\/wp\/v2\/posts"}],"about":[{"href":"https:\/\/panoramadelsur.com.ar\/index.php?rest_route=\/wp\/v2\/types\/post"}],"author":[{"embeddable":true,"href":"https:\/\/panoramadelsur.com.ar\/index.php?rest_route=\/wp\/v2\/users\/1"}],"replies":[{"embeddable":true,"href":"https:\/\/panoramadelsur.com.ar\/index.php?rest_route=%2Fwp%2Fv2%2Fcomments&post=57528"}],"version-history":[{"count":1,"href":"https:\/\/panoramadelsur.com.ar\/index.php?rest_route=\/wp\/v2\/posts\/57528\/revisions"}],"predecessor-version":[{"id":57530,"href":"https:\/\/panoramadelsur.com.ar\/index.php?rest_route=\/wp\/v2\/posts\/57528\/revisions\/57530"}],"wp:featuredmedia":[{"embeddable":true,"href":"https:\/\/panoramadelsur.com.ar\/index.php?rest_route=\/wp\/v2\/media\/57529"}],"wp:attachment":[{"href":"https:\/\/panoramadelsur.com.ar\/index.php?rest_route=%2Fwp%2Fv2%2Fmedia&parent=57528"}],"wp:term":[{"taxonomy":"category","embeddable":true,"href":"https:\/\/panoramadelsur.com.ar\/index.php?rest_route=%2Fwp%2Fv2%2Fcategories&post=57528"},{"taxonomy":"post_tag","embeddable":true,"href":"https:\/\/panoramadelsur.com.ar\/index.php?rest_route=%2Fwp%2Fv2%2Ftags&post=57528"}],"curies":[{"name":"wp","href":"https:\/\/api.w.org\/{rel}","templated":true}]}}