{"id":57531,"date":"2025-12-30T01:10:00","date_gmt":"2025-12-30T04:10:00","guid":{"rendered":"https:\/\/panoramadelsur.com.ar\/?p=57531"},"modified":"2025-12-29T19:32:52","modified_gmt":"2025-12-29T22:32:52","slug":"continua-el-relevamiento-habitacional-en-el-barrio-agustin-ramirez","status":"publish","type":"post","link":"https:\/\/panoramadelsur.com.ar\/?p=57531","title":{"rendered":"CONTIN\u00daA EL RELEVAMIENTO HABITACIONAL EN EL BARRIO AGUST\u00cdN RAM\u00cdREZ"},"content":{"rendered":"\n<p>La Municipalidad de Berazategui realiz\u00f3 la cuarta jornada de relevamiento habitacional en el barrio Agust\u00edn Ram\u00edrez. El objetivo es que los vecinos y vecinas obtengan la regularizaci\u00f3n dominial de sus hogares.<\/p>\n\n\n\n<p>Al respecto, la titular de la Agencia de Tierras y H\u00e1bitat, Cecilia Rold\u00e1n, explic\u00f3: \u201cLos censistas recorren casa por casa, completando una encuesta que responden los vecinos y vecinas. Esto es muy importante porque es el primer paso para que ellos puedan obtener las escrituras de sus viviendas\u201d.<\/p>\n\n\n\n<p>Asimismo, se\u00f1al\u00f3: \u201cEstas acciones las llevamos adelante gracias al intendente Carlos Balor, que asumi\u00f3 el compromiso que hab\u00eda asumido el Dr. Juan Jos\u00e9 Mussi y contin\u00faa con su legado. Como siempre nos dec\u00eda Mussi, los actos de regularizaci\u00f3n dominial son de los m\u00e1s lindos porque es una tranquilidad para los vecinos y vecinas contar con las escrituras de sus casas\u201d.<\/p>\n\n\n\n<p>Por \u00faltimo, Rold\u00e1n agradeci\u00f3 al gobernador Axel Kicillof \u201cque nos brinda herramientas para llegar a las escrituras\u201d, destac\u00f3 y continu\u00f3: \u201cTambi\u00e9n agradecemos a la Universidad Nacional Arturo Jauretche (UNAJ) porque estamos realizando el relevamiento con voluntarios de la carrera de Trabajo Social\u201d.<\/p>\n","protected":false},"excerpt":{"rendered":"<p>La Municipalidad<\/p>\n","protected":false},"author":1,"featured_media":57532,"comment_status":"closed","ping_status":"closed","sticky":false,"template":"","format":"standard","meta":{"footnotes":""},"categories":[3],"tags":[40],"class_list":["post-57531","post","type-post","status-publish","format-standard","has-post-thumbnail","hentry","category-regionales","tag-berazategui"],"_links":{"self":[{"href":"https:\/\/panoramadelsur.com.ar\/index.php?rest_route=\/wp\/v2\/posts\/57531","targetHints":{"allow":["GET"]}}],"collection":[{"href":"https:\/\/panoramadelsur.com.ar\/index.php?rest_route=\/wp\/v2\/posts"}],"about":[{"href":"https:\/\/panoramadelsur.com.ar\/index.php?rest_route=\/wp\/v2\/types\/post"}],"author":[{"embeddable":true,"href":"https:\/\/panoramadelsur.com.ar\/index.php?rest_route=\/wp\/v2\/users\/1"}],"replies":[{"embeddable":true,"href":"https:\/\/panoramadelsur.com.ar\/index.php?rest_route=%2Fwp%2Fv2%2Fcomments&post=57531"}],"version-history":[{"count":1,"href":"https:\/\/panoramadelsur.com.ar\/index.php?rest_route=\/wp\/v2\/posts\/57531\/revisions"}],"predecessor-version":[{"id":57533,"href":"https:\/\/panoramadelsur.com.ar\/index.php?rest_route=\/wp\/v2\/posts\/57531\/revisions\/57533"}],"wp:featuredmedia":[{"embeddable":true,"href":"https:\/\/panoramadelsur.com.ar\/index.php?rest_route=\/wp\/v2\/media\/57532"}],"wp:attachment":[{"href":"https:\/\/panoramadelsur.com.ar\/index.php?rest_route=%2Fwp%2Fv2%2Fmedia&parent=57531"}],"wp:term":[{"taxonomy":"category","embeddable":true,"href":"https:\/\/panoramadelsur.com.ar\/index.php?rest_route=%2Fwp%2Fv2%2Fcategories&post=57531"},{"taxonomy":"post_tag","embeddable":true,"href":"https:\/\/panoramadelsur.com.ar\/index.php?rest_route=%2Fwp%2Fv2%2Ftags&post=57531"}],"curies":[{"name":"wp","href":"https:\/\/api.w.org\/{rel}","templated":true}]}}