{"id":57538,"date":"2026-01-02T01:02:00","date_gmt":"2026-01-02T04:02:00","guid":{"rendered":"https:\/\/panoramadelsur.com.ar\/?p=57538"},"modified":"2025-12-30T03:14:57","modified_gmt":"2025-12-30T06:14:57","slug":"varela-habilitan-el-registro-unico-de-inscripcion-a-profesionales-y-o-tecnicos-2026","status":"publish","type":"post","link":"https:\/\/panoramadelsur.com.ar\/?p=57538","title":{"rendered":"VARELA: HABILITAN EL REGISTRO \u00daNICO DE INSCRIPCI\u00d3N A PROFESIONALES Y\/O T\u00c9CNICOS 2026"},"content":{"rendered":"\n<p>De acuerdo a la legislaci\u00f3n vigente, la Comuna formaliza la apertura de la n\u00f3mina destinada a incorporar personal calificado e id\u00f3neo, seg\u00fan estipula el Art\u00edculo N\u00b0148 perteneciente a la Ley Org\u00e1nica Municipal.<\/p>\n\n\n\n<p>Interesados e interesadas deber\u00e1n presentarse ante la Direcci\u00f3n General de Recursos Humanos de la Intendencia, situada en calle 25 de Mayo N\u00b02725, tercer piso, desde este 2 de enero hasta el 4 de diciembre del 2026 de 9 a 14 hs. con la siguiente documentaci\u00f3n:<\/p>\n\n\n\n<p>&#8211; Curriculum Vitae<\/p>\n\n\n\n<p>&#8211; DNI<\/p>\n\n\n\n<p>&#8211; T\u00edtulo Profesional Habilitante<\/p>\n\n\n\n<p>&#8211; Fotocopia de Matr\u00edcula<\/p>\n\n\n\n<p>Los y las aspirantes ser\u00e1n derivados al sector de Evaluaci\u00f3n. Quienes examinan los papeles valorar\u00e1n la experiencia laboral de cada postulante, as\u00ed como su residencia en el distrito.<\/p>\n\n\n\n<p>Ante cualquier duda, comunicarse al 4237-1601 interno 2344 o v\u00eda mail a trav\u00e9s de la casilla evaluaci\u00f3n.mfv@gmail.com.<\/p>\n","protected":false},"excerpt":{"rendered":"<p>De acuerdo<\/p>\n","protected":false},"author":1,"featured_media":57540,"comment_status":"closed","ping_status":"closed","sticky":false,"template":"","format":"standard","meta":{"footnotes":""},"categories":[8,3],"tags":[30],"class_list":["post-57538","post","type-post","status-publish","format-standard","has-post-thumbnail","hentry","category-para-agendar","category-regionales","tag-varela"],"_links":{"self":[{"href":"https:\/\/panoramadelsur.com.ar\/index.php?rest_route=\/wp\/v2\/posts\/57538","targetHints":{"allow":["GET"]}}],"collection":[{"href":"https:\/\/panoramadelsur.com.ar\/index.php?rest_route=\/wp\/v2\/posts"}],"about":[{"href":"https:\/\/panoramadelsur.com.ar\/index.php?rest_route=\/wp\/v2\/types\/post"}],"author":[{"embeddable":true,"href":"https:\/\/panoramadelsur.com.ar\/index.php?rest_route=\/wp\/v2\/users\/1"}],"replies":[{"embeddable":true,"href":"https:\/\/panoramadelsur.com.ar\/index.php?rest_route=%2Fwp%2Fv2%2Fcomments&post=57538"}],"version-history":[{"count":1,"href":"https:\/\/panoramadelsur.com.ar\/index.php?rest_route=\/wp\/v2\/posts\/57538\/revisions"}],"predecessor-version":[{"id":57541,"href":"https:\/\/panoramadelsur.com.ar\/index.php?rest_route=\/wp\/v2\/posts\/57538\/revisions\/57541"}],"wp:featuredmedia":[{"embeddable":true,"href":"https:\/\/panoramadelsur.com.ar\/index.php?rest_route=\/wp\/v2\/media\/57540"}],"wp:attachment":[{"href":"https:\/\/panoramadelsur.com.ar\/index.php?rest_route=%2Fwp%2Fv2%2Fmedia&parent=57538"}],"wp:term":[{"taxonomy":"category","embeddable":true,"href":"https:\/\/panoramadelsur.com.ar\/index.php?rest_route=%2Fwp%2Fv2%2Fcategories&post=57538"},{"taxonomy":"post_tag","embeddable":true,"href":"https:\/\/panoramadelsur.com.ar\/index.php?rest_route=%2Fwp%2Fv2%2Ftags&post=57538"}],"curies":[{"name":"wp","href":"https:\/\/api.w.org\/{rel}","templated":true}]}}