{"id":57562,"date":"2026-01-02T01:00:00","date_gmt":"2026-01-02T04:00:00","guid":{"rendered":"https:\/\/panoramadelsur.com.ar\/?p=57562"},"modified":"2025-12-30T04:30:43","modified_gmt":"2025-12-30T07:30:43","slug":"facilitan-la-importacion-de-mercaderias-para-uso-personal","status":"publish","type":"post","link":"https:\/\/panoramadelsur.com.ar\/?p=57562","title":{"rendered":"FACILITAN LA IMPORTACI\u00d3N DE MERCADER\u00cdAS PARA USO PERSONAL"},"content":{"rendered":"\n<p>El Gobierno nacional facilit\u00f3 la importaci\u00f3n por parte de personas de mercader\u00edas para uso o consumo propio, sin finalidad comercial o industrial.<\/p>\n\n\n\n<p>A partir de ahora, el ingreso se autorizar\u00e1 mediante un procedimiento simplificado para el registro de sus bienes.<\/p>\n\n\n\n<p>Esta medida permite el ingreso de productos nuevos o usados siempre que su cantidad, calidad, variedad o valor no indiquen una intenci\u00f3n de venta o uso industrial.<\/p>\n\n\n\n<p>El proceso se realiza mediante registros electr\u00f3nicos en el sistema inform\u00e1tico aduanero o a trav\u00e9s de formularios digitales interactivos.<\/p>\n\n\n\n<p>Los productos importados bajo esta modalidad est\u00e1n sujetos al pago de derechos y grav\u00e1menes del r\u00e9gimen general de importaci\u00f3n.<\/p>\n\n\n\n<p>La determinaci\u00f3n del valor en aduana se realiza durante la verificaci\u00f3n de los efectos ingresados y la operaci\u00f3n queda sujeta a las prohibiciones de car\u00e1cter econ\u00f3mico y no econ\u00f3mico vigentes. La actualizaci\u00f3n del procedimiento incluye la digitalizaci\u00f3n del formulario \u00abSolicitud para importar mercader\u00edas por personas humanas sin finalidad comercial y\/o industrial\u00bb (OM-2153-A), el cual se encuentra disponible en el sitio web del organismo de recaudaci\u00f3n.<\/p>\n\n\n\n<p>La Agencia de Recaudaci\u00f3n y Control Aduanero (ARCA) formaliz\u00f3 estos cambios a trav\u00e9s de la Resoluci\u00f3n General 5805\/2025, publicada este lunes en el Bolet\u00edn Oficial.<\/p>\n\n\n\n<p>La implementaci\u00f3n de este sistema busca que el registro de las declaraciones se realice mediante la utilizaci\u00f3n de c\u00f3digos espec\u00edficos en el M\u00f3dulo Declaraci\u00f3n Detallada del Sistema Inform\u00e1tico MALVINA.<\/p>\n\n\n\n<p>En caso de que existan dificultades operativas para el registro electr\u00f3nico, los usuarios podr\u00e1n utilizar el formulario digital interactivo disponible en el micrositio de \u00abViajeros\u00bb.<\/p>\n\n\n\n<p>Esta actualizaci\u00f3n del tr\u00e1mite funciona como la digitalizaci\u00f3n de un archivo que antes era de papel: las reglas sobre qu\u00e9 puede guardarse no cambian, pero el m\u00e9todo para registrar la entrada de los objetos se vuelve centralizado y electr\u00f3nico para agilizar el acceso.<\/p>\n","protected":false},"excerpt":{"rendered":"<p>El Gobierno<\/p>\n","protected":false},"author":1,"featured_media":57563,"comment_status":"closed","ping_status":"closed","sticky":false,"template":"","format":"standard","meta":{"footnotes":""},"categories":[4,8],"tags":[59],"class_list":["post-57562","post","type-post","status-publish","format-standard","has-post-thumbnail","hentry","category-nacionales","category-para-agendar","tag-nacionales"],"_links":{"self":[{"href":"https:\/\/panoramadelsur.com.ar\/index.php?rest_route=\/wp\/v2\/posts\/57562","targetHints":{"allow":["GET"]}}],"collection":[{"href":"https:\/\/panoramadelsur.com.ar\/index.php?rest_route=\/wp\/v2\/posts"}],"about":[{"href":"https:\/\/panoramadelsur.com.ar\/index.php?rest_route=\/wp\/v2\/types\/post"}],"author":[{"embeddable":true,"href":"https:\/\/panoramadelsur.com.ar\/index.php?rest_route=\/wp\/v2\/users\/1"}],"replies":[{"embeddable":true,"href":"https:\/\/panoramadelsur.com.ar\/index.php?rest_route=%2Fwp%2Fv2%2Fcomments&post=57562"}],"version-history":[{"count":1,"href":"https:\/\/panoramadelsur.com.ar\/index.php?rest_route=\/wp\/v2\/posts\/57562\/revisions"}],"predecessor-version":[{"id":57564,"href":"https:\/\/panoramadelsur.com.ar\/index.php?rest_route=\/wp\/v2\/posts\/57562\/revisions\/57564"}],"wp:featuredmedia":[{"embeddable":true,"href":"https:\/\/panoramadelsur.com.ar\/index.php?rest_route=\/wp\/v2\/media\/57563"}],"wp:attachment":[{"href":"https:\/\/panoramadelsur.com.ar\/index.php?rest_route=%2Fwp%2Fv2%2Fmedia&parent=57562"}],"wp:term":[{"taxonomy":"category","embeddable":true,"href":"https:\/\/panoramadelsur.com.ar\/index.php?rest_route=%2Fwp%2Fv2%2Fcategories&post=57562"},{"taxonomy":"post_tag","embeddable":true,"href":"https:\/\/panoramadelsur.com.ar\/index.php?rest_route=%2Fwp%2Fv2%2Ftags&post=57562"}],"curies":[{"name":"wp","href":"https:\/\/api.w.org\/{rel}","templated":true}]}}