{"id":57608,"date":"2026-01-05T01:01:00","date_gmt":"2026-01-05T04:01:00","guid":{"rendered":"https:\/\/panoramadelsur.com.ar\/?p=57608"},"modified":"2026-01-04T12:55:27","modified_gmt":"2026-01-04T15:55:27","slug":"el-pj-condeno-los-bombardeos-de-ee-uu-a-venezuela-y-expreso-america-latina-es-un-territorio-de-paz","status":"publish","type":"post","link":"https:\/\/panoramadelsur.com.ar\/?p=57608","title":{"rendered":"EL PJ CONDEN\u00d3 LOS BOMBARDEOS DE EE.UU. A VENEZUELA Y EXPRES\u00d3: \u00abAM\u00c9RICA LATINA ES UN TERRITORIO DE PAZ\u00bb"},"content":{"rendered":"\n<p>El Partido Justicialista (PJ) manifest\u00f3 su repudio a la captura del presidente de Venezuela, Nicol\u00e1s Maduro, y manifest\u00f3 que \u201cAm\u00e9rica Latina es un territorio de paz\u201d.<\/p>\n\n\n\n<p>\u201cDesde el Partido Justicialista repudiamos y condenamos los bombardeos de Estados Unidos en Venezuela, que constituyen una amenaza para toda la regi\u00f3n y violan la Carta de Naciones Unidas\u201d, expresa el mensaje publicado en la red social X.<\/p>\n\n\n\n<p>En este sentido, el PJ pidi\u00f3 que se respeten los principios de no intervenci\u00f3n, al tiempo que reiter\u00f3 su rechazo al uso de la fuerza y exigi\u00f3 una soluci\u00f3n pac\u00edfica para los conflictos.<\/p>\n\n\n\n<p>\u00abAm\u00e9rica Latina es territorio de paz y soberan\u00eda\u00bb, concluy\u00f3.<\/p>\n","protected":false},"excerpt":{"rendered":"<p>El Partido<\/p>\n","protected":false},"author":1,"featured_media":57609,"comment_status":"closed","ping_status":"closed","sticky":false,"template":"","format":"standard","meta":{"footnotes":""},"categories":[10,4],"tags":[],"class_list":["post-57608","post","type-post","status-publish","format-standard","has-post-thumbnail","hentry","category-mas-noticias","category-nacionales"],"_links":{"self":[{"href":"https:\/\/panoramadelsur.com.ar\/index.php?rest_route=\/wp\/v2\/posts\/57608","targetHints":{"allow":["GET"]}}],"collection":[{"href":"https:\/\/panoramadelsur.com.ar\/index.php?rest_route=\/wp\/v2\/posts"}],"about":[{"href":"https:\/\/panoramadelsur.com.ar\/index.php?rest_route=\/wp\/v2\/types\/post"}],"author":[{"embeddable":true,"href":"https:\/\/panoramadelsur.com.ar\/index.php?rest_route=\/wp\/v2\/users\/1"}],"replies":[{"embeddable":true,"href":"https:\/\/panoramadelsur.com.ar\/index.php?rest_route=%2Fwp%2Fv2%2Fcomments&post=57608"}],"version-history":[{"count":1,"href":"https:\/\/panoramadelsur.com.ar\/index.php?rest_route=\/wp\/v2\/posts\/57608\/revisions"}],"predecessor-version":[{"id":57610,"href":"https:\/\/panoramadelsur.com.ar\/index.php?rest_route=\/wp\/v2\/posts\/57608\/revisions\/57610"}],"wp:featuredmedia":[{"embeddable":true,"href":"https:\/\/panoramadelsur.com.ar\/index.php?rest_route=\/wp\/v2\/media\/57609"}],"wp:attachment":[{"href":"https:\/\/panoramadelsur.com.ar\/index.php?rest_route=%2Fwp%2Fv2%2Fmedia&parent=57608"}],"wp:term":[{"taxonomy":"category","embeddable":true,"href":"https:\/\/panoramadelsur.com.ar\/index.php?rest_route=%2Fwp%2Fv2%2Fcategories&post=57608"},{"taxonomy":"post_tag","embeddable":true,"href":"https:\/\/panoramadelsur.com.ar\/index.php?rest_route=%2Fwp%2Fv2%2Ftags&post=57608"}],"curies":[{"name":"wp","href":"https:\/\/api.w.org\/{rel}","templated":true}]}}