{"id":57664,"date":"2026-01-25T12:16:33","date_gmt":"2026-01-25T15:16:33","guid":{"rendered":"https:\/\/panoramadelsur.com.ar\/?p=57664"},"modified":"2026-01-25T12:16:33","modified_gmt":"2026-01-25T15:16:33","slug":"desbaratan-banda-en-pilar-que-cometia-estafas-desde-la-carcel","status":"publish","type":"post","link":"https:\/\/panoramadelsur.com.ar\/?p=57664","title":{"rendered":"DESBARATAN BANDA EN PILAR QUE COMET\u00cdA ESTAFAS DESDE LA C\u00c1RCEL"},"content":{"rendered":"\n<p>Una banda que comet\u00eda estafas desde la c\u00e1rcel fue desbaratada en las \u00faltimas horas, tras detener en la localidad bonaerense de Pilar a cuatro de sus integrantes, incautar d\u00f3lares que pagaron las v\u00edctimas y secuestrar un autom\u00f3vil con la numeraci\u00f3n adulterada.<\/p>\n\n\n\n<p>Fuentes policiales informaron que los operativos fueron efectuados por la SubDDI Pilar de la fuerza bonaerense, tras enga\u00f1ar con esta modalidad a dos comerciantes importantes de la zona.<\/p>\n\n\n\n<p>La investigaci\u00f3n permiti\u00f3 establecer que la banda operaba con coordinaci\u00f3n desde la c\u00e1rcel, donde impart\u00edan las directivas y se articulaban los enga\u00f1os, mientras los aprehendidos actuaban en el exterior como ejecutores del delito.<\/p>\n\n\n\n<p>La causa se inici\u00f3 tras la denuncia de un comerciante que sufri\u00f3 el hackeo de su tel\u00e9fono celular y de otro hombre dedicado a la misma ocupaci\u00f3n, quien fue enga\u00f1ado para entregar 4.500 d\u00f3lares.<\/p>\n\n\n\n<p>A partir de tareas investigativas encubiertas y de campo, los efectivos lograron determinar que uno de los implicados regresar\u00eda al lugar con intenciones de concretar una nueva maniobra para obtener m\u00e1s dinero.<\/p>\n\n\n\n<p>Con esta informaci\u00f3n, se mont\u00f3 un operativo conjunto entre personal de la SubDDI Pilar, de la Estaci\u00f3n de Seguridad Pilar, de la comisar\u00eda Pilar 8\u00aa y el Centro de Monitoreo de la Secretar\u00eda de Seguridad local.<\/p>\n\n\n\n<p>El procedimiento se concret\u00f3 en inmediaciones de la calle Beato Jansen, entre M\u00e9xico y Paraguay, donde fue interceptado Thomas Ezequiel Ben\u00edtez, de 21 a\u00f1os, sindicado como uno de los presuntos autores materiales.<\/p>\n\n\n\n<p>El mismo ya hab\u00eda participado del primer cobro, moviliz\u00e1ndose en motoveh\u00edculo junto a otro hombre.<\/p>\n\n\n\n<p>Posteriormente, se implement\u00f3 un operativo cerrojo que permiti\u00f3 interceptar un Peugeot 208 color negro, donde se desplazaban dos mujeres y un hombre, identificados como Mat\u00edas Gabriel Cano, de 31 a\u00f1os, Gladys Nadia Ben\u00edtez, de 39, y B\u00e1rbara Estefan\u00eda Aveni, de 25.<\/p>\n\n\n\n<p>Dentro del veh\u00edculo se incautaron 4.300 d\u00f3lares, estableci\u00e9ndose que dicho dinero formaba parte de lo sustra\u00eddo momentos antes a una de las v\u00edctimas.<\/p>\n\n\n\n<p>Asimismo, el rodado presentaba una irregularidad en la numeraci\u00f3n de chasis, lo que impidi\u00f3 determinar su procedencia, configurando el delito de supresi\u00f3n o adulteraci\u00f3n de numeraci\u00f3n registral.<\/p>\n\n\n\n<p>Interviene en el hecho la Unidad Funcional de Instrucci\u00f3n (UFI) n\u00famero 1 de Pilar, a cargo de Ra\u00fal Casal, y el Juzgado de Garant\u00edas n\u00famero 7, del Departamento Judicial San Isidro.<\/p>\n\n\n\n<p>Casal dispuso la aprehensi\u00f3n de urgencia de los cuatro imputados, el secuestro del veh\u00edculo y el reintegro del dinero recuperado a la v\u00edctima.<\/p>\n\n\n\n<p>Los detenidos ser\u00e1n trasladados a sede fiscal para prestar declaraci\u00f3n indagatoria en primera audiencia, al tiempo que los investigadores buscan a un quinto involucrado, presuntamente vinculado a la coordinaci\u00f3n de las maniobras desde el \u00e1mbito carcelario, por lo que no se descartan nuevos operativos en las pr\u00f3ximas horas.<\/p>\n","protected":false},"excerpt":{"rendered":"<p>Una banda<\/p>\n","protected":false},"author":1,"featured_media":57665,"comment_status":"closed","ping_status":"closed","sticky":false,"template":"","format":"standard","meta":{"footnotes":""},"categories":[5],"tags":[],"class_list":["post-57664","post","type-post","status-publish","format-standard","has-post-thumbnail","hentry","category-provincia"],"_links":{"self":[{"href":"https:\/\/panoramadelsur.com.ar\/index.php?rest_route=\/wp\/v2\/posts\/57664","targetHints":{"allow":["GET"]}}],"collection":[{"href":"https:\/\/panoramadelsur.com.ar\/index.php?rest_route=\/wp\/v2\/posts"}],"about":[{"href":"https:\/\/panoramadelsur.com.ar\/index.php?rest_route=\/wp\/v2\/types\/post"}],"author":[{"embeddable":true,"href":"https:\/\/panoramadelsur.com.ar\/index.php?rest_route=\/wp\/v2\/users\/1"}],"replies":[{"embeddable":true,"href":"https:\/\/panoramadelsur.com.ar\/index.php?rest_route=%2Fwp%2Fv2%2Fcomments&post=57664"}],"version-history":[{"count":1,"href":"https:\/\/panoramadelsur.com.ar\/index.php?rest_route=\/wp\/v2\/posts\/57664\/revisions"}],"predecessor-version":[{"id":57666,"href":"https:\/\/panoramadelsur.com.ar\/index.php?rest_route=\/wp\/v2\/posts\/57664\/revisions\/57666"}],"wp:featuredmedia":[{"embeddable":true,"href":"https:\/\/panoramadelsur.com.ar\/index.php?rest_route=\/wp\/v2\/media\/57665"}],"wp:attachment":[{"href":"https:\/\/panoramadelsur.com.ar\/index.php?rest_route=%2Fwp%2Fv2%2Fmedia&parent=57664"}],"wp:term":[{"taxonomy":"category","embeddable":true,"href":"https:\/\/panoramadelsur.com.ar\/index.php?rest_route=%2Fwp%2Fv2%2Fcategories&post=57664"},{"taxonomy":"post_tag","embeddable":true,"href":"https:\/\/panoramadelsur.com.ar\/index.php?rest_route=%2Fwp%2Fv2%2Ftags&post=57664"}],"curies":[{"name":"wp","href":"https:\/\/api.w.org\/{rel}","templated":true}]}}