{"id":57667,"date":"2026-01-25T12:19:27","date_gmt":"2026-01-25T15:19:27","guid":{"rendered":"https:\/\/panoramadelsur.com.ar\/?p=57667"},"modified":"2026-01-25T12:19:27","modified_gmt":"2026-01-25T15:19:27","slug":"martin-menem-ratifico-que-el-gobierno-bajara-la-edad-de-imputabilidad","status":"publish","type":"post","link":"https:\/\/panoramadelsur.com.ar\/?p=57667","title":{"rendered":"MART\u00cdN MENEM RATIFIC\u00d3 QUE EL GOBIERNO BAJAR\u00c1 LA EDAD DE IMPUTABILIDAD"},"content":{"rendered":"\n<p>El presidente de la C\u00e1mara de Diputados, Mart\u00edn Menem, confirm\u00f3 ayer s\u00e1bado que la administraci\u00f3n de Javier Milei impulsar\u00e1 la baja de la edad de imputabilidad durante el transcurso de este a\u00f1o, como parte de la Reforma del C\u00f3digo Penal.<\/p>\n\n\n\n<p>El legislador asegur\u00f3 que esta decisi\u00f3n pol\u00edtica responde a \u00abun mandato claro\u00bb expresado por la ciudadan\u00eda en las urnas y ratific\u00f3 la postura de \u00abtolerancia cero\u00bb ante el delito que sostiene el oficialismo, seg\u00fan supo la Agencia Noticias Argentinas. \u00abLos argentinos nos dieron un mandato claro: enfrentar los temas de fondo con decisi\u00f3n\u00bb, afirm\u00f3 Menem al justificar la urgencia de la medida en el marco de la agenda legislativa de La Libertad Avanza (LLA).<\/p>\n\n\n\n<p>A trav\u00e9s de un mensaje publicado en su cuenta de X, el titular de la C\u00e1mara baja sostuvo que la reforma es necesaria para garantizar que \u00abel que las hace, las paga\u00bb, reafirmando uno de los pilares discursivos del Gobierno nacional en materia de seguridad.<\/p>\n\n\n\n<p>Seg\u00fan Menem, la iniciativa no admite \u00abmedias tintas\u00bb y busca transformar el sistema penal juvenil para adaptarlo a las demandas actuales de la sociedad argentina.<\/p>\n\n\n\n<p>\u00abEn 2026 vamos a avanzar con la baja de la edad de imputabilidad en la Reforma del C\u00f3digo Penal. Tenemos clara nuestra posici\u00f3n\u00bb, concluy\u00f3 el referente riojano, anticipando que el proyecto ser\u00e1 uno de los ejes centrales del debate parlamentario en los pr\u00f3ximos meses.<\/p>\n","protected":false},"excerpt":{"rendered":"<p>El presidente<\/p>\n","protected":false},"author":1,"featured_media":57668,"comment_status":"closed","ping_status":"closed","sticky":false,"template":"","format":"standard","meta":{"footnotes":""},"categories":[4],"tags":[],"class_list":["post-57667","post","type-post","status-publish","format-standard","has-post-thumbnail","hentry","category-nacionales"],"_links":{"self":[{"href":"https:\/\/panoramadelsur.com.ar\/index.php?rest_route=\/wp\/v2\/posts\/57667","targetHints":{"allow":["GET"]}}],"collection":[{"href":"https:\/\/panoramadelsur.com.ar\/index.php?rest_route=\/wp\/v2\/posts"}],"about":[{"href":"https:\/\/panoramadelsur.com.ar\/index.php?rest_route=\/wp\/v2\/types\/post"}],"author":[{"embeddable":true,"href":"https:\/\/panoramadelsur.com.ar\/index.php?rest_route=\/wp\/v2\/users\/1"}],"replies":[{"embeddable":true,"href":"https:\/\/panoramadelsur.com.ar\/index.php?rest_route=%2Fwp%2Fv2%2Fcomments&post=57667"}],"version-history":[{"count":1,"href":"https:\/\/panoramadelsur.com.ar\/index.php?rest_route=\/wp\/v2\/posts\/57667\/revisions"}],"predecessor-version":[{"id":57669,"href":"https:\/\/panoramadelsur.com.ar\/index.php?rest_route=\/wp\/v2\/posts\/57667\/revisions\/57669"}],"wp:featuredmedia":[{"embeddable":true,"href":"https:\/\/panoramadelsur.com.ar\/index.php?rest_route=\/wp\/v2\/media\/57668"}],"wp:attachment":[{"href":"https:\/\/panoramadelsur.com.ar\/index.php?rest_route=%2Fwp%2Fv2%2Fmedia&parent=57667"}],"wp:term":[{"taxonomy":"category","embeddable":true,"href":"https:\/\/panoramadelsur.com.ar\/index.php?rest_route=%2Fwp%2Fv2%2Fcategories&post=57667"},{"taxonomy":"post_tag","embeddable":true,"href":"https:\/\/panoramadelsur.com.ar\/index.php?rest_route=%2Fwp%2Fv2%2Ftags&post=57667"}],"curies":[{"name":"wp","href":"https:\/\/api.w.org\/{rel}","templated":true}]}}