{"id":57673,"date":"2026-01-25T12:34:03","date_gmt":"2026-01-25T15:34:03","guid":{"rendered":"https:\/\/panoramadelsur.com.ar\/?p=57673"},"modified":"2026-01-25T12:34:04","modified_gmt":"2026-01-25T15:34:04","slug":"mas-operativos-de-limpieza-en-los-barrios-de-berazategui-3","status":"publish","type":"post","link":"https:\/\/panoramadelsur.com.ar\/?p=57673","title":{"rendered":"M\u00c1S OPERATIVOS DE LIMPIEZA EN LOS BARRIOS DE BERAZATEGUI"},"content":{"rendered":"\n<p>Entre el 15 y el 22 de enero, la Municipalidad de Berazategui realiz\u00f3 nuevamente jornadas de limpieza y recolecci\u00f3n de residuos en distintos barrios y localidades del partido.<\/p>\n\n\n\n<p>De esta manera, el \u00e1rea de Higiene Urbana, dependiente de la Secretar\u00eda de Obras P\u00fablicas municipal, renov\u00f3 su compromiso de erradicar los puntos de arrojo de basura clandestinos y garantizar un ambiente m\u00e1s limpio y saludable para toda la comunidad.<\/p>\n\n\n\n<h2 class=\"wp-block-heading\">Los operativos se hicieron en las siguientes zonas:<\/h2>\n\n\n\n<p>Jueves 15\/01: Pl\u00e1tanos Norte, Guti\u00e9rrez, 3 de Mayo, La Uni\u00f3n de Villa Espa\u00f1a, R\u00edo Encantado, La Serranita, Alberdi, Gral. Mosconi, Las Casillas, Villa La Merced, B. Americano y 9 de Julio.<\/p>\n\n\n\n<p>Viernes 16\/01: Guti\u00e9rrez, Pl\u00e1tanos, C. Bustillo, Villa Matilde, San Juan, Gral. Mosconi, Las Casillas, Villa La Merced, B. Americano, Alberdi, 9 de Julio, La Primavera, Almirante Brown, Jacarand\u00e1 y Gral. G\u00fcemes.<\/p>\n\n\n\n<p>S\u00e1bado 17\/01: El Para\u00edso, 6 de Enero, Nicol\u00e1s Videla, Villa Mitre, Berasur, San Juan Pereyra, Gral. Mosconi, Las Casillas, Villa La Merced, B. Americano y 9 de Julio.<\/p>\n\n\n\n<p>Lunes 19\/01: Compal, Pueblo Nuevo, Pl\u00e1tanos, Santa Rosa, Lomas de Ranelagh, Villa Chingolo, Villa Espa\u00f1a, B. Mar\u00edtimo, C. Bustillo, 9 de Julio, Gral. Mosconi, Las Casillas, Villa La Merced, B. Americano, Buenaventura, Santo Tom\u00e1s y 1\u00b0 de Mayo.<\/p>\n\n\n\n<p>Martes 20\/01: Gral. Mosconi, Las Casillas, Villa La Merced, B. Americano, Las Manzanas, Pl\u00e1tanos y 6 de Enero.<\/p>\n\n\n\n<p>Mi\u00e9rcoles 21\/01: Jacarand\u00e1, Villa Mitre, 12 de Octubre, Pueblo Nuevo, Pl\u00e1tanos, Compal, 3 de Junio, Gral. Mosconi, B. Americano, Villa La Merced, Las Casillas, Lomas de Godoy, La Uni\u00f3n de Villa Espa\u00f1a, La Primavera y 9 de Julio.<\/p>\n\n\n\n<p>Jueves 22\/01: Villa Chingolo, Santa Rosa, Pueblo Nuevo, Pl\u00e1tanos, El Progreso, Meirana, Lomas de Godoy, 1\u00b0 de Septiembre, Gral. Mosconi, B. Americano, Villa La Merced, Las Casillas y 20 de Junio.<\/p>\n\n\n\n<p>Desde el Municipio se recuerda que los residuos domiciliarios deben sacarse debidamente embolsados, al cesto de la puerta de los domicilios, de domingo a viernes (los s\u00e1bados no).<\/p>\n\n\n\n<p>Aquellos que sean voluminosos (no convencionales), como ramas, escombros, chatarra, artefactos electr\u00f3nicos o muebles, entre otros, pueden llevarse al Centro Municipal de Gesti\u00f3n Sustentable, donde tendr\u00e1n un tratamiento adecuado. Este espacio, ubicado en Av. Padre Mugica (33) y 162, abre de lunes a viernes de 6.00 a 17.00; y los s\u00e1bados de 6.00 a 13.00. Recibe los residuos en forma gratuita.<\/p>\n\n\n\n<p>Asimismo, la Municipalidad reitera que se est\u00e1n aplicando multas de hasta un mill\u00f3n de pesos a las personas que arrojan basura en la v\u00eda p\u00fablica, generan basurales a cielo abierto o no cumplen con las medidas sanitarias y urbanas correspondientes en calles, veredas y propiedades privadas. Los vecinos y vecinas pueden denunciar, en el momento, a quienes ensucian: 0800-999-2525\/0247 (Centro de Operaciones Municipal -COM-). Atiende todos los d\u00edas, las 24 horas.<\/p>\n","protected":false},"excerpt":{"rendered":"<p>Entre el<\/p>\n","protected":false},"author":1,"featured_media":57674,"comment_status":"closed","ping_status":"closed","sticky":false,"template":"","format":"standard","meta":{"footnotes":""},"categories":[3],"tags":[40],"class_list":["post-57673","post","type-post","status-publish","format-standard","has-post-thumbnail","hentry","category-regionales","tag-berazategui"],"_links":{"self":[{"href":"https:\/\/panoramadelsur.com.ar\/index.php?rest_route=\/wp\/v2\/posts\/57673","targetHints":{"allow":["GET"]}}],"collection":[{"href":"https:\/\/panoramadelsur.com.ar\/index.php?rest_route=\/wp\/v2\/posts"}],"about":[{"href":"https:\/\/panoramadelsur.com.ar\/index.php?rest_route=\/wp\/v2\/types\/post"}],"author":[{"embeddable":true,"href":"https:\/\/panoramadelsur.com.ar\/index.php?rest_route=\/wp\/v2\/users\/1"}],"replies":[{"embeddable":true,"href":"https:\/\/panoramadelsur.com.ar\/index.php?rest_route=%2Fwp%2Fv2%2Fcomments&post=57673"}],"version-history":[{"count":1,"href":"https:\/\/panoramadelsur.com.ar\/index.php?rest_route=\/wp\/v2\/posts\/57673\/revisions"}],"predecessor-version":[{"id":57675,"href":"https:\/\/panoramadelsur.com.ar\/index.php?rest_route=\/wp\/v2\/posts\/57673\/revisions\/57675"}],"wp:featuredmedia":[{"embeddable":true,"href":"https:\/\/panoramadelsur.com.ar\/index.php?rest_route=\/wp\/v2\/media\/57674"}],"wp:attachment":[{"href":"https:\/\/panoramadelsur.com.ar\/index.php?rest_route=%2Fwp%2Fv2%2Fmedia&parent=57673"}],"wp:term":[{"taxonomy":"category","embeddable":true,"href":"https:\/\/panoramadelsur.com.ar\/index.php?rest_route=%2Fwp%2Fv2%2Fcategories&post=57673"},{"taxonomy":"post_tag","embeddable":true,"href":"https:\/\/panoramadelsur.com.ar\/index.php?rest_route=%2Fwp%2Fv2%2Ftags&post=57673"}],"curies":[{"name":"wp","href":"https:\/\/api.w.org\/{rel}","templated":true}]}}