{"id":57697,"date":"2026-01-25T01:02:00","date_gmt":"2026-01-25T04:02:00","guid":{"rendered":"https:\/\/panoramadelsur.com.ar\/?p=57697"},"modified":"2026-01-25T13:06:34","modified_gmt":"2026-01-25T16:06:34","slug":"se-amplio-el-acceso-a-la-vacunacion-contra-el-dengue-y-se-modifico-el-esquema-de-la-triple-viral-para-vecinos-de-quilmes","status":"publish","type":"post","link":"https:\/\/panoramadelsur.com.ar\/?p=57697","title":{"rendered":"SE AMPLI\u00d3 EL ACCESO A LA VACUNACI\u00d3N CONTRA EL DENGUE Y SE MODIFIC\u00d3 EL ESQUEMA DE LA TRIPLE VIRAL PARA VECINOS DE QUILMES"},"content":{"rendered":"\n<p>El Municipio de Quilmes informa a las vecinas y vecinos que se ampli\u00f3 el acceso a la vacunaci\u00f3n contra el dengue para personas residentes de la Provincia de Buenos Aires, y a su vez se modific\u00f3 el esquema para la triple viral; tambi\u00e9n se destaca que desde enero se puede acceder a la vacuna contra el Virus Sincicial Respiratorio (VSR), y en todos los casos la posibilidad de vacunarse se da de forma p\u00fablica y gratuita.<\/p>\n\n\n\n<p>En este marco, por disposici\u00f3n del gobierno provincial, en el caso del dengue, las personas entre 15 y 59 a\u00f1os pueden vacunarse acerc\u00e1ndose a los vacunatorios y manifestando que desean recibir la inoculaci\u00f3n, hayan tenido o no la enfermedad. La vacuna, que se da en un esquema de dos dosis, separadas por al menos 3 meses y sin orden m\u00e9dica, est\u00e1 contraindicada en el embarazo, la lactancia e inmunocomprometidos, y se indica que quienes tuvieron la enfermedad deben esperar 6 meses para recibirla.<\/p>\n\n\n\n<p>En Quilmes, esta vacuna se encuentra disponible en: Hospital Zonal General de Agudos Dr. Isidoro Iriarte (Allison Bell 770, Quilmes); Hospital Dr. Eduadro Oller (avenida 844 N\u00ba 2100, San Francisco Solano); el Instituto Dr. Ram\u00f3n Carrillo -ex Dispensario- (Marcelo T. Alvear esquina Islas Malvinas, Quilmes Oeste); Centro Integral de Salud, Diagn\u00f3stico y Rehabilitaci\u00f3n Julio M\u00e9ndez (9 de Julio 264, Bernal); CAPS Cecilia Grierson (Amoedo y Joaqu\u00edn V. Gonz\u00e1lez, Quilmes Oeste); CAPS Houssay (Alberdi y Saavedra, Quilmes); CAPS Villa Augusta (Bah\u00eda Blanca 4735, Ezpeleta); CAPS Julieta Lanteri (calle 836 y 897, San Francisco Solano); CIC La Matera (calle 816 entre 888 y 889, Quilmes Oeste), y CAM Don Bosco (Pringles 1010).<br>En cuanto a la vacuna triple viral (TV), se informa que hubo un cambio de esquema y desde ahora: ni\u00f1a\/os nacidas\/os a &nbsp;partir del 1 de julio de 2024, deber\u00e1n recibir la segunda dosis de TV a los 15-18 meses; quienes hayan nacido hasta el 30 de junio de 2024 recibir\u00e1n la segunda dosis en el a\u00f1o en que cumplan 5 a\u00f1os, y la primera dosis permanece para todas las cohortes a los 12 meses.<\/p>\n\n\n\n<p>A su vez se indica que desde el mes de enero se ha vuelto a vacunar contra el Virus Sincicial Respiratorio (VSR), teniendo como poblaci\u00f3n objetivo las personas embarazadas entre las semanas gestacionales 32 y 36.6, y desarroll\u00e1ndose esta inoculaci\u00f3n hasta el 31 de agosto de 2026, aunque puede extenderse la vacunaci\u00f3n seg\u00fan la circulaci\u00f3n del virus.<\/p>\n","protected":false},"excerpt":{"rendered":"<p>El Municipio<\/p>\n","protected":false},"author":1,"featured_media":57698,"comment_status":"closed","ping_status":"closed","sticky":false,"template":"","format":"standard","meta":{"footnotes":""},"categories":[10,2],"tags":[],"class_list":["post-57697","post","type-post","status-publish","format-standard","has-post-thumbnail","hentry","category-mas-noticias","category-quilmes"],"_links":{"self":[{"href":"https:\/\/panoramadelsur.com.ar\/index.php?rest_route=\/wp\/v2\/posts\/57697","targetHints":{"allow":["GET"]}}],"collection":[{"href":"https:\/\/panoramadelsur.com.ar\/index.php?rest_route=\/wp\/v2\/posts"}],"about":[{"href":"https:\/\/panoramadelsur.com.ar\/index.php?rest_route=\/wp\/v2\/types\/post"}],"author":[{"embeddable":true,"href":"https:\/\/panoramadelsur.com.ar\/index.php?rest_route=\/wp\/v2\/users\/1"}],"replies":[{"embeddable":true,"href":"https:\/\/panoramadelsur.com.ar\/index.php?rest_route=%2Fwp%2Fv2%2Fcomments&post=57697"}],"version-history":[{"count":1,"href":"https:\/\/panoramadelsur.com.ar\/index.php?rest_route=\/wp\/v2\/posts\/57697\/revisions"}],"predecessor-version":[{"id":57699,"href":"https:\/\/panoramadelsur.com.ar\/index.php?rest_route=\/wp\/v2\/posts\/57697\/revisions\/57699"}],"wp:featuredmedia":[{"embeddable":true,"href":"https:\/\/panoramadelsur.com.ar\/index.php?rest_route=\/wp\/v2\/media\/57698"}],"wp:attachment":[{"href":"https:\/\/panoramadelsur.com.ar\/index.php?rest_route=%2Fwp%2Fv2%2Fmedia&parent=57697"}],"wp:term":[{"taxonomy":"category","embeddable":true,"href":"https:\/\/panoramadelsur.com.ar\/index.php?rest_route=%2Fwp%2Fv2%2Fcategories&post=57697"},{"taxonomy":"post_tag","embeddable":true,"href":"https:\/\/panoramadelsur.com.ar\/index.php?rest_route=%2Fwp%2Fv2%2Ftags&post=57697"}],"curies":[{"name":"wp","href":"https:\/\/api.w.org\/{rel}","templated":true}]}}