{"id":57770,"date":"2026-01-28T01:01:00","date_gmt":"2026-01-28T04:01:00","guid":{"rendered":"https:\/\/panoramadelsur.com.ar\/?p=57770"},"modified":"2026-01-28T20:33:19","modified_gmt":"2026-01-28T23:33:19","slug":"capacitacion-en-varela-sobre-como-potenciar-un-emprendimiento","status":"publish","type":"post","link":"https:\/\/panoramadelsur.com.ar\/?p=57770","title":{"rendered":"CAPACITACI\u00d3N EN VARELA SOBRE C\u00d3MO POTENCIAR UN EMPRENDIMIENTO"},"content":{"rendered":"\n<p>Entre las opciones de formaci\u00f3n disponibles durante el receso estival, la Comuna -junto al gobierno provincial- diagrama capacitaciones gratuitas para el sector manufacturero independiente del distrito.<\/p>\n\n\n\n<p>D\u00e9bora Marino -subdirectora de la Escuela de Emprendedores- describe \u201cuna pol\u00edtica p\u00fablica integral, orientada al desarrollo industrial varelense, implementada por el intendente, Andr\u00e9s Watson. Est\u00e1 destinada tanto a quienes comienzan como a aquellos que cuentan con una unidad productiva en marcha y buscan consolidarse o formalizarse\u201d.<\/p>\n\n\n\n<p>\u201cAbordaremos conceptos estrat\u00e9gicos de gesti\u00f3n, comercializaci\u00f3n e innovaci\u00f3n de proyectos para mejorar su competitividad y sostener la actividad en contextos econ\u00f3micos complejos\u201d, explica la funcionaria.<\/p>\n\n\n\n<p>Por \u00faltimo, remarca \u201cel rol clave del Estado municipal en acompa\u00f1ar, orientar y brindar herramientas concretas con el objetivo de consolidar un ecosistema autogestivo m\u00e1s din\u00e1mico, inclusivo, con mayores oportunidades de crecimiento en el partido\u201d.<\/p>\n\n\n\n<p>La modalidad de cursada es virtual. Interesados e interesadas en participar, completar el <a href=\"https:\/\/forms.gle\/zdqZWZk41Bwghde47\">formulario de inscripci\u00f3n<\/a>.<\/p>\n\n\n\n<p><em>Cronograma<\/em><\/p>\n\n\n\n<p>-Costos bajo control: estructura, flujo y decisiones inteligentes<\/p>\n\n\n\n<p>Mi\u00e9rcoles 28 de enero y 4 de febrero de 14 a 16 hs.<\/p>\n\n\n\n<p>-Digitaliz\u00e1 la gesti\u00f3n de tu negocio<\/p>\n\n\n\n<p>Martes 10 de febrero de 14 a 16 hs.<\/p>\n\n\n\n<p>-El dise\u00f1o como herramienta estrat\u00e9gica de comercializaci\u00f3n<\/p>\n\n\n\n<p>Mi\u00e9rcoles 18 de febrero de 14 a 16 hs.<\/p>\n\n\n\n<p>-Marketing digital<\/p>\n\n\n\n<p>Martes 24 de febrero de 14 a 16 hs.<\/p>\n\n\n\n<p>-Beneficios para tu negocio: formalizaci\u00f3n y financiamiento<\/p>\n\n\n\n<p>Martes 10 de marzo de 14 a 16 hs.<\/p>\n","protected":false},"excerpt":{"rendered":"<p>Entre las<\/p>\n","protected":false},"author":1,"featured_media":57771,"comment_status":"closed","ping_status":"closed","sticky":false,"template":"","format":"standard","meta":{"footnotes":""},"categories":[8,3],"tags":[],"class_list":["post-57770","post","type-post","status-publish","format-standard","has-post-thumbnail","hentry","category-para-agendar","category-regionales"],"_links":{"self":[{"href":"https:\/\/panoramadelsur.com.ar\/index.php?rest_route=\/wp\/v2\/posts\/57770","targetHints":{"allow":["GET"]}}],"collection":[{"href":"https:\/\/panoramadelsur.com.ar\/index.php?rest_route=\/wp\/v2\/posts"}],"about":[{"href":"https:\/\/panoramadelsur.com.ar\/index.php?rest_route=\/wp\/v2\/types\/post"}],"author":[{"embeddable":true,"href":"https:\/\/panoramadelsur.com.ar\/index.php?rest_route=\/wp\/v2\/users\/1"}],"replies":[{"embeddable":true,"href":"https:\/\/panoramadelsur.com.ar\/index.php?rest_route=%2Fwp%2Fv2%2Fcomments&post=57770"}],"version-history":[{"count":1,"href":"https:\/\/panoramadelsur.com.ar\/index.php?rest_route=\/wp\/v2\/posts\/57770\/revisions"}],"predecessor-version":[{"id":57772,"href":"https:\/\/panoramadelsur.com.ar\/index.php?rest_route=\/wp\/v2\/posts\/57770\/revisions\/57772"}],"wp:featuredmedia":[{"embeddable":true,"href":"https:\/\/panoramadelsur.com.ar\/index.php?rest_route=\/wp\/v2\/media\/57771"}],"wp:attachment":[{"href":"https:\/\/panoramadelsur.com.ar\/index.php?rest_route=%2Fwp%2Fv2%2Fmedia&parent=57770"}],"wp:term":[{"taxonomy":"category","embeddable":true,"href":"https:\/\/panoramadelsur.com.ar\/index.php?rest_route=%2Fwp%2Fv2%2Fcategories&post=57770"},{"taxonomy":"post_tag","embeddable":true,"href":"https:\/\/panoramadelsur.com.ar\/index.php?rest_route=%2Fwp%2Fv2%2Ftags&post=57770"}],"curies":[{"name":"wp","href":"https:\/\/api.w.org\/{rel}","templated":true}]}}