{"id":57797,"date":"2026-02-02T01:01:00","date_gmt":"2026-02-02T04:01:00","guid":{"rendered":"https:\/\/panoramadelsur.com.ar\/?p=57797"},"modified":"2026-02-02T08:58:48","modified_gmt":"2026-02-02T11:58:48","slug":"la-vacuna-bajo-un-20-los-casos-de-bronquiolitis","status":"publish","type":"post","link":"https:\/\/panoramadelsur.com.ar\/?p=57797","title":{"rendered":"LA VACUNA BAJ\u00d3 UN 20% LOS CASOS DE BRONQUIOLITIS"},"content":{"rendered":"\n<p>La vacuna que previene la bronquiolitis en los y las beb\u00e9s por nacer se incorpor\u00f3 al Calendario Nacional de Vacunaci\u00f3n hace apenas dos a\u00f1os. Sin embargo, ya comienzan a verse beneficios. De acuerdo con las estad\u00edsticas del ministerio de Salud bonaerense, desde que comenz\u00f3 a aplicarse, la cantidad de casos en menores de seis meses se redujo un 20 por ciento, al pasar de 24.932 a 19.943 entre 2024 y 2025.<\/p>\n\n\n\n<p>Prevenir esa infecci\u00f3n respiratoria aguda significa prevenir una de las primeras causas de mortalidad infantil. Y la buena noticia es que con la creaci\u00f3n de la vacuna esto es posible. No significa que el o la beb\u00e9 no se va a contagiar el virus, sin embargo, estar\u00e1 protegido contras las formas graves y mortales de la bronquiolitis.<\/p>\n\n\n\n<p>En la Provincia de Buenos Aires, el ministerio de Salud bonaerense inici\u00f3 la Campa\u00f1a 2026 contra la bronquiolitis el 12 de enero \u00bfA qui\u00e9nes convocan? A todas las embarazadas que se encuentran entre las semanas 32 y 36 de gestaci\u00f3n y aquellas que vayan ingresando a este grupo a partir de ahora. La vacuna se aplica en los m\u00e1s de 1.800 vacunatorios con los que cuenta la Provincia(se puede buscar el m\u00e1s cercano por partido en este sitio web:&nbsp;<a href=\"https:\/\/www.gba.gob.ar\/vacunacion\/\">https:\/\/www.gba.gob.ar\/vacunacion\/<\/a>).<\/p>\n\n\n\n<p>Vacunarse al final del embarazo es una de las mejores formas de comenzar a cuidar al beb\u00e9 antes de su nacimiento. En rigor, con esta inmunizaci\u00f3n que le llega a trav\u00e9s de la placenta de su mam\u00e1, se lo protege del Virus Sincicial Respiratorio (VSR), que es la principal causa de bronquiolitis, y tambi\u00e9n de neumon\u00eda.<\/p>\n\n\n\n<p>\u201cSi bien en los \u00faltimos a\u00f1os los casos de bronquiolitis fueron descendiendo, en parte por la aplicaci\u00f3n de la vacuna, las enfermedades respiratorias siguen siendo la tercera causa de mortalidad infantil, es decir, de menores de un a\u00f1o, y la segunda causa de mortalidad postneonatal, que abarca a beb\u00e9s de entre 28 d\u00edas y un a\u00f1o\u201d, explic\u00f3 Federico Paruelo, director provincial de Salud en la Ni\u00f1ez y Adolescencia. El especialista detall\u00f3 que comenzar la vacunaci\u00f3n durante el verano \u201cpermite que exista un tiempo para que la persona gestante desarrolle la respuesta inmune y que, al momento del parto, ya se hayan generado los anticuerpos y atravesado la placenta\u201d.<\/p>\n\n\n\n<p><strong>&nbsp;Sonidos de alarma<\/strong><\/p>\n\n\n\n<p>\u00bfC\u00f3mo se escucha la bronquiolitis? Un silbido en el pecho es el t\u00edpico sonido de los beb\u00e9s con bronquiolitis. Se les nota el esfuerzo para respirar, se agitan, se oyen ruidos bronquiales y algunos hacen tanta fuerza para que les entre ox\u00edgeno que se les hunden las costillas y se quejan de tanta incomodidad.<\/p>\n\n\n\n<p>A la dificultad para respirar puede sumarse fiebre alta y sostenida por varios d\u00edas. Con todo este combo no tienen ganas de comer, les cuesta mucho dormir, algunos se ven p\u00e1lidos y otros presentan un tono morado en los labios. Al mismo tiempo, est\u00e1n irritables y lloran desconsolados. Pero tambi\u00e9n, puede que duerman mucho.<\/p>\n\n\n\n<p>Los especialistas de la cartera sanitaria bonaerense explicaron que si un beb\u00e9 tiene estos o algunos de estos s\u00edntomas, los adultos a cargo deben estar atentos y consultar con el equipo de salud porque, sobre todo en los meses de oto\u00f1o e invierno y en los menores de dos a\u00f1os, estos cuadros pueden requerir hospitalizaciones.<\/p>\n\n\n\n<p><strong>Bajas coberturas<\/strong><\/p>\n\n\n\n<p>Si bien en la PBA ya se registra un descenso en la cantidad de casos de bronquiolitis como producto de la aplicaci\u00f3n de la vacuna contra el VSR, Paruelo advirti\u00f3 que la cobertura a\u00fan est\u00e1 por debajo de la esperada, tendencia alarmante que se observa en todo el pa\u00eds y con todas la vacunas del Calendario Nacional.<\/p>\n\n\n\n<p>\u201cEn inmunizaciones hablamos de \u2018cobertura\u2019, que es el porcentaje de poblaci\u00f3n vacunada sobre la poblaci\u00f3n objetivo total\u201d, detall\u00f3 Erica Bartel, coordinadora del Programa de Control de Enfermedades Inmunoprevenibles. \u201cEn el caso de la vacuna contra el virus de la bronquiolitis (VSR), en la Provincia de Buenos Aires en el a\u00f1o 2024 se alcanz\u00f3 una cobertura del 68%, y en 2025 se estiman valores similares\u201d, agreg\u00f3 Bartel.&nbsp;<\/p>\n\n\n\n<p>En ese sentido, insisti\u00f3 en que las embarazadas se vacunen porque \u201clos ni\u00f1os y ni\u00f1as cuyas madres no se aplicaron la vacuna contra VSR durante el embarazo tienen un riesgo aumentado de desarrollar neumon\u00eda o bronquiolitis graves durante el oto\u00f1o e invierno, cuando comienza la circulaci\u00f3n del virus, que es particularmente virulento para menores de un a\u00f1o, y espec\u00edficamente para menores de 6 meses\u201d.<\/p>\n\n\n\n<p><strong>PUNTO POR PUNTO: C\u00d3MO PREVENIR LA BRONQUIOLITIS EN BEB\u00c9S<\/strong><\/p>\n\n\n\n<ul class=\"wp-block-list\">\n<li>Vacunaci\u00f3n de la embarazada contra el Virus Sincicial Respiratorio (VSR) entre la semana 32 y 26 inclusive.<\/li>\n\n\n\n<li>Lavarse las manos regularmente o usar alcohol en gel<\/li>\n\n\n\n<li>Ventilar con frecuencia los ambientes<\/li>\n\n\n\n<li>Evitar la exposici\u00f3n al humo, incluido el del tabaco<\/li>\n\n\n\n<li>Evitar reunirse con personas con s\u00edntomas respiratorios<\/li>\n\n\n\n<li>Completar los esquemas de vacunaci\u00f3n de Calendario Nacional,\u00a0en especial contra la neumon\u00eda (neumococo), COVID-19 y tos convulsa\u00a0(qu\u00edntuple y triple bacteriana)<\/li>\n<\/ul>\n","protected":false},"excerpt":{"rendered":"<p>La vacuna<\/p>\n","protected":false},"author":1,"featured_media":57798,"comment_status":"closed","ping_status":"closed","sticky":false,"template":"","format":"standard","meta":{"footnotes":""},"categories":[10,5],"tags":[],"class_list":["post-57797","post","type-post","status-publish","format-standard","has-post-thumbnail","hentry","category-mas-noticias","category-provincia"],"_links":{"self":[{"href":"https:\/\/panoramadelsur.com.ar\/index.php?rest_route=\/wp\/v2\/posts\/57797","targetHints":{"allow":["GET"]}}],"collection":[{"href":"https:\/\/panoramadelsur.com.ar\/index.php?rest_route=\/wp\/v2\/posts"}],"about":[{"href":"https:\/\/panoramadelsur.com.ar\/index.php?rest_route=\/wp\/v2\/types\/post"}],"author":[{"embeddable":true,"href":"https:\/\/panoramadelsur.com.ar\/index.php?rest_route=\/wp\/v2\/users\/1"}],"replies":[{"embeddable":true,"href":"https:\/\/panoramadelsur.com.ar\/index.php?rest_route=%2Fwp%2Fv2%2Fcomments&post=57797"}],"version-history":[{"count":1,"href":"https:\/\/panoramadelsur.com.ar\/index.php?rest_route=\/wp\/v2\/posts\/57797\/revisions"}],"predecessor-version":[{"id":57799,"href":"https:\/\/panoramadelsur.com.ar\/index.php?rest_route=\/wp\/v2\/posts\/57797\/revisions\/57799"}],"wp:featuredmedia":[{"embeddable":true,"href":"https:\/\/panoramadelsur.com.ar\/index.php?rest_route=\/wp\/v2\/media\/57798"}],"wp:attachment":[{"href":"https:\/\/panoramadelsur.com.ar\/index.php?rest_route=%2Fwp%2Fv2%2Fmedia&parent=57797"}],"wp:term":[{"taxonomy":"category","embeddable":true,"href":"https:\/\/panoramadelsur.com.ar\/index.php?rest_route=%2Fwp%2Fv2%2Fcategories&post=57797"},{"taxonomy":"post_tag","embeddable":true,"href":"https:\/\/panoramadelsur.com.ar\/index.php?rest_route=%2Fwp%2Fv2%2Ftags&post=57797"}],"curies":[{"name":"wp","href":"https:\/\/api.w.org\/{rel}","templated":true}]}}