{"id":58022,"date":"2026-02-14T12:22:25","date_gmt":"2026-02-14T15:22:25","guid":{"rendered":"https:\/\/panoramadelsur.com.ar\/?p=58022"},"modified":"2026-02-14T12:22:26","modified_gmt":"2026-02-14T15:22:26","slug":"comenzaron-las-tareas-de-embellecimiento-del-paso-bajo-nivel-de-avenida-italia","status":"publish","type":"post","link":"https:\/\/panoramadelsur.com.ar\/?p=58022","title":{"rendered":"COMENZARON LAS TAREAS DE EMBELLECIMIENTO DEL PASO BAJO NIVEL DE AVENIDA ITALIA"},"content":{"rendered":"\n<p><strong>Tras dejar como nuevo el paso bajo nivel de Hudson, ahora la Municipalidad de Berazategui inici\u00f3 los trabajos de embellecimiento y renovaci\u00f3n del paso bajo nivel de Av. Italia y Lisandro de la Torre. Esta iniciativa, a cargo del \u00e1rea de Higiene Urbana -dependiente la Secretar\u00eda de Obras P\u00fablicas-, se realiza con financiamiento municipal.<\/strong><\/p>\n\n\n\n<p>El coordinador general del \u00e1rea de Higiene Urbana, Roberto Ponce, detall\u00f3: \u201cPor pedido del intendente Carlos Balor, venimos desarrollando todo un trabajo de embellecimiento y renovaci\u00f3n de todos los pasos bajo nivel de Berazategui. Comenzamos con el de la Estaci\u00f3n de Hudson, donde llevamos adelante tareas de limpieza, pintura y recambio de todas las luminarias por luces led. Y ahora nos encontramos trabajando en el paso bajo nivel de Av. Italia. Todo con inversi\u00f3n y mano de obra municipal\u201d.<\/p>\n\n\n\n<p>En el marco de las tareas, se informa que este paso bajo nivel permanecer\u00e1 cerrado al tr\u00e1nsito el s\u00e1bado 14 de febrero, de 6.00 a 12.00. Asimismo, se les solicita a los automovilistas transitar por la zona con precauci\u00f3n y respetar el se\u00f1alamiento provisorio.<\/p>\n","protected":false},"excerpt":{"rendered":"<p>Tras dejar<\/p>\n","protected":false},"author":1,"featured_media":58023,"comment_status":"closed","ping_status":"closed","sticky":false,"template":"","format":"standard","meta":{"footnotes":""},"categories":[3],"tags":[40],"class_list":["post-58022","post","type-post","status-publish","format-standard","has-post-thumbnail","hentry","category-regionales","tag-berazategui"],"_links":{"self":[{"href":"https:\/\/panoramadelsur.com.ar\/index.php?rest_route=\/wp\/v2\/posts\/58022","targetHints":{"allow":["GET"]}}],"collection":[{"href":"https:\/\/panoramadelsur.com.ar\/index.php?rest_route=\/wp\/v2\/posts"}],"about":[{"href":"https:\/\/panoramadelsur.com.ar\/index.php?rest_route=\/wp\/v2\/types\/post"}],"author":[{"embeddable":true,"href":"https:\/\/panoramadelsur.com.ar\/index.php?rest_route=\/wp\/v2\/users\/1"}],"replies":[{"embeddable":true,"href":"https:\/\/panoramadelsur.com.ar\/index.php?rest_route=%2Fwp%2Fv2%2Fcomments&post=58022"}],"version-history":[{"count":1,"href":"https:\/\/panoramadelsur.com.ar\/index.php?rest_route=\/wp\/v2\/posts\/58022\/revisions"}],"predecessor-version":[{"id":58024,"href":"https:\/\/panoramadelsur.com.ar\/index.php?rest_route=\/wp\/v2\/posts\/58022\/revisions\/58024"}],"wp:featuredmedia":[{"embeddable":true,"href":"https:\/\/panoramadelsur.com.ar\/index.php?rest_route=\/wp\/v2\/media\/58023"}],"wp:attachment":[{"href":"https:\/\/panoramadelsur.com.ar\/index.php?rest_route=%2Fwp%2Fv2%2Fmedia&parent=58022"}],"wp:term":[{"taxonomy":"category","embeddable":true,"href":"https:\/\/panoramadelsur.com.ar\/index.php?rest_route=%2Fwp%2Fv2%2Fcategories&post=58022"},{"taxonomy":"post_tag","embeddable":true,"href":"https:\/\/panoramadelsur.com.ar\/index.php?rest_route=%2Fwp%2Fv2%2Ftags&post=58022"}],"curies":[{"name":"wp","href":"https:\/\/api.w.org\/{rel}","templated":true}]}}