{"id":58132,"date":"2026-03-06T01:09:00","date_gmt":"2026-03-06T04:09:00","guid":{"rendered":"https:\/\/panoramadelsur.com.ar\/?p=58132"},"modified":"2026-02-21T10:18:46","modified_gmt":"2026-02-21T13:18:46","slug":"hojas-por-el-barrio-y-nina-suarez-el-21-en-bernal","status":"publish","type":"post","link":"https:\/\/panoramadelsur.com.ar\/?p=58132","title":{"rendered":"HOJAS POR EL BARRIO Y NINA SU\u00c1REZ, EL 21 EN BERNAL"},"content":{"rendered":"\n<p>Hojas Por el Barrio y Nina Su\u00e1rez se presentar\u00e1n el s\u00e1bado 21 de marzo a las 19.30 en Club de Arte Tempuja, de Bernal. <\/p>\n\n\n\n<p>Seg\u00fan se inform\u00f3, las entradas disponibles a trav\u00e9s de Passline, 30% de descuento con Comunidad Indie Hoy.<\/p>\n\n\n\n<p>Las bandas regresan a Bernal para presentar en vivo sus m\u00e1s recientes lanzamientos. Hojas Por el Barrio, con sus dos singles del a\u00f1o pasado (\u00abTiro una carta\u00bb y \u00abBanana\u00bb). En tanto, Nina Su\u00e1rez con su disco El lado oscuro, elegido por Indie Hoy como uno de los 50 mejores discos de 2025.<\/p>\n\n\n\n<h2 class=\"wp-block-heading\">Un espacio cultural fundado en 1938<\/h2>\n\n\n\n<p>El Club de Arte Tempuja, es un ic\u00f3nico espacio cultural fundado en 1938, revitalizado para ofrecer shows en vivo, teatro, m\u00fasica, talleres y eventos \u00fanicos. <\/p>\n\n\n\n<p>Se encuentra ubicado en Cerrito 56 y abre sus puertas de jueves a s\u00e1bado a partir de las 20. En tanto que  los domingos se realizan ferias vintage masivas, y los talleres culturales suelen programarse los jueves.  <\/p>\n\n\n\n<p>Al momento de su fundaci\u00f3n se lo llam\u00f3 Club Progresista de Bernal. Este espacio fue un punto de encuentro comunitario durante d\u00e9cadas. En los a\u00f1os 70, enfrent\u00f3 un declive, pero fue rescatado tras la crisis de 2001 por el centro de jubiladas \u201cNuevo Amanecer\u201d y antiguos socios. En 2023, el sello Arte Tempuja lo transform\u00f3 en un club cultural, con mejoras ac\u00fasticas, nueva cocina y camarines, consolid\u00e1ndolo como un referente art\u00edstico en Quilmes.<\/p>\n","protected":false},"excerpt":{"rendered":"<p>Hojas Por<\/p>\n","protected":false},"author":1,"featured_media":58133,"comment_status":"closed","ping_status":"closed","sticky":false,"template":"","format":"standard","meta":{"footnotes":""},"categories":[2],"tags":[],"class_list":["post-58132","post","type-post","status-publish","format-standard","has-post-thumbnail","hentry","category-quilmes"],"_links":{"self":[{"href":"https:\/\/panoramadelsur.com.ar\/index.php?rest_route=\/wp\/v2\/posts\/58132","targetHints":{"allow":["GET"]}}],"collection":[{"href":"https:\/\/panoramadelsur.com.ar\/index.php?rest_route=\/wp\/v2\/posts"}],"about":[{"href":"https:\/\/panoramadelsur.com.ar\/index.php?rest_route=\/wp\/v2\/types\/post"}],"author":[{"embeddable":true,"href":"https:\/\/panoramadelsur.com.ar\/index.php?rest_route=\/wp\/v2\/users\/1"}],"replies":[{"embeddable":true,"href":"https:\/\/panoramadelsur.com.ar\/index.php?rest_route=%2Fwp%2Fv2%2Fcomments&post=58132"}],"version-history":[{"count":1,"href":"https:\/\/panoramadelsur.com.ar\/index.php?rest_route=\/wp\/v2\/posts\/58132\/revisions"}],"predecessor-version":[{"id":58134,"href":"https:\/\/panoramadelsur.com.ar\/index.php?rest_route=\/wp\/v2\/posts\/58132\/revisions\/58134"}],"wp:featuredmedia":[{"embeddable":true,"href":"https:\/\/panoramadelsur.com.ar\/index.php?rest_route=\/wp\/v2\/media\/58133"}],"wp:attachment":[{"href":"https:\/\/panoramadelsur.com.ar\/index.php?rest_route=%2Fwp%2Fv2%2Fmedia&parent=58132"}],"wp:term":[{"taxonomy":"category","embeddable":true,"href":"https:\/\/panoramadelsur.com.ar\/index.php?rest_route=%2Fwp%2Fv2%2Fcategories&post=58132"},{"taxonomy":"post_tag","embeddable":true,"href":"https:\/\/panoramadelsur.com.ar\/index.php?rest_route=%2Fwp%2Fv2%2Ftags&post=58132"}],"curies":[{"name":"wp","href":"https:\/\/api.w.org\/{rel}","templated":true}]}}