{"id":58283,"date":"2026-03-09T01:07:00","date_gmt":"2026-03-09T04:07:00","guid":{"rendered":"https:\/\/panoramadelsur.com.ar\/?p=58283"},"modified":"2026-03-08T18:40:20","modified_gmt":"2026-03-08T21:40:20","slug":"las-ventas-minoristas-de-pymes-cayeron-56-interanual-en-febrero-y-acumulan-diez-meses-en-baja","status":"publish","type":"post","link":"https:\/\/panoramadelsur.com.ar\/?p=58283","title":{"rendered":"LAS VENTAS MINORISTAS DE PYMES CAYERON 5,6% INTERANUAL EN FEBRERO Y ACUMULAN DIEZ MESES EN BAJA"},"content":{"rendered":"\n<p>Las ventas minoristas de las pymes retrocedieron 5,6% interanual en febrero, cayendo por d\u00e9cimo mes consecutivo, y acumulan una ca\u00edda del 5,2% en el primer bimestre del a\u00f1o, de acuerdo con un relevamiento elaborado por la Confederaci\u00f3n Argentina de la Mediana Empresa (CAME).<\/p>\n\n\n\n<p>El dato implica un nuevo descenso tras la ca\u00edda del 4,8% de enero, 5,2% en diciembre, 4,1% en noviembre, 1,4% en octubre, 4,2% en septiembre, 2,6% en agosto, 2% en julio, 0,5% en junio y 2,9% en mayo, cuando se cort\u00f3 con cinco meses de mediciones positivas.<\/p>\n\n\n\n<p>En la comparaci\u00f3n mensual desestacionalizada, el \u00cdndice de Ventas Minoristas Pymes, arroj\u00f3 que los comercios registraron un repunte en el consumo del 2,6% en el segundo mes del a\u00f1o frente a enero, aunque no alcanz\u00f3 para revertir el total de la baja en el mes inaugural del 2026 (-4,2%).<\/p>\n\n\n\n<p>Al analizar el escenario relevado, desde CAME sostuvieron que \u201cfebrero registr\u00f3 una mejora mensual del 2,6%, influenciada por el inicio del ciclo lectivo, sin lograr revertir la ca\u00edda acumulada del 5,2%\u201d y precisaron que \u201cel consumo se concentr\u00f3 en bienes de subsistencia y art\u00edculos escolares por la reasignaci\u00f3n del gasto de los hogares\u201d.<\/p>\n\n\n\n<p>En este sentido, puntualizaron que \u201cla demanda oper\u00f3 con selectividad, priorizando ofertas y financiamiento para sostener las operaciones\u201d, remarcando que \u201clos costos operativos y la presi\u00f3n tributaria condicionaron la rentabilidad de los locales\u201d y se\u00f1alando que \u201cel escenario confirm\u00f3 una contracci\u00f3n t\u00e9cnica pese al repunte estacional de fin de mes\u201d.<\/p>\n\n\n\n<p>En cuanto a la situaci\u00f3n econ\u00f3mica de los comercios, el relevamiento arroj\u00f3 que \u201cel 52,6% de los propietarios report\u00f3 estabilidad interanual, cifra inferior en seis puntos al registro de enero\u201d y agreg\u00f3 que \u201cdicho margen se traslad\u00f3 a quienes se\u00f1alaron un deterioro (38,8%) en comparaci\u00f3n con el mismo per\u00edodo del ciclo anterior\u201d.<\/p>\n\n\n\n<p>En relaci\u00f3n con la expectativa futura, reflej\u00f3 que \u201clas proyecciones de ac\u00e1 a un a\u00f1o indican que habr\u00e1 paridad con la situaci\u00f3n actual para el 46,6% de los encuestados, mientras el 42,9% aguarda una mejora y el 10,5% proyecta un retroceso\u201d.<\/p>\n\n\n\n<p>Asimismo, respecto a la inversi\u00f3n, el reporte arroj\u00f3 que \u201cel 57,6% considera el marco como no apto para desembolsos, frente a un 15,5% que lo ve de forma oportuna y un 26,9% sin definici\u00f3n\u201d.<\/p>\n\n\n\n<p>Con este escenario, desde CAME afirmaron que \u201cel desaf\u00edo reside en estabilizar los m\u00e1rgenes frente al incremento de los gastos fijos\u201d y remarcaron que \u201cla reactivaci\u00f3n depender\u00e1 de la recomposici\u00f3n de los salarios y de la previsibilidad en los costos\u201d.<\/p>\n\n\n\n<p>El relevamiento por rubros ratific\u00f3 el proceso de contracci\u00f3n: seis de los siete sectores monitoreados cerraron con resultados negativos. Las bajas se encontraron en Bazar y decoraci\u00f3n (-14,4%), Perfumer\u00eda (-10,7%) y Alimentos y bebidas (-8,7%). Farmacia constituy\u00f3 la excepci\u00f3n, con un incremento del 0,3% interanual.<\/p>\n\n\n\n<h2 class=\"wp-block-heading\">El rendimiento de cada rubro<\/h2>\n\n\n\n<ul class=\"wp-block-list\">\n<li>Alimentos y bebidas: las ventas bajaron un 8,7% en la comparaci\u00f3n interanual, a precios constantes, y acumulan un descenso del 7,4% en lo que va del a\u00f1o. En la comparaci\u00f3n intermensual desestacionalizada, se registr\u00f3 una mejora del 1,4%.<\/li>\n\n\n\n<li>Bazar, decoraci\u00f3n, textiles para el hogar y muebles: las ventas bajaron 14,4% interanual en febrero, y suman un retroceso del 15,6% en lo que va del a\u00f1o. En el contraste intermensual desestacionalizado, se observ\u00f3 una disminuci\u00f3n del 2,0%.<\/li>\n\n\n\n<li>Calzado y marroquiner\u00eda: las ventas descendieron un 1,1% interanual, y acumulan una ca\u00edda del 2,1% en el arranque del 2026. En el intermensual, crecieron 8,8%.<\/li>\n\n\n\n<li>Farmacia: las ventas subieron un 0,3% interanual y acumulan un alza del 2,4% en lo que va del a\u00f1o. En tanto, en la comparaci\u00f3n intermensual, siempre desestacionalizada, se registr\u00f3 una merma del 0,2%.<\/li>\n\n\n\n<li>Perfumer\u00eda: las ventas cayeron un 10,7% interanual, pero suman un incremento del 2,8% en el primer bimestre. En la comparaci\u00f3n intermensual, hubo una baja del 4,7%.<\/li>\n\n\n\n<li>Ferreter\u00eda, materiales el\u00e9ctricos y materiales de la construcci\u00f3n: las ventas tuvieron una baja del 0,3% pero acumulan un crecimiento del 2,5% en el inicio de 2026. Por su parte, en el intermensual retrocedieron 3,1%<\/li>\n\n\n\n<li>Textil e indumentaria: las ventas cayeron un 7,4% interanual, a precios constantes, y acumulan un descenso del 9,2%. En la comparaci\u00f3n intermensual desestacionalizada, se observ\u00f3 una ca\u00edda del 5,1%.<\/li>\n<\/ul>\n","protected":false},"excerpt":{"rendered":"<p>Las ventas<\/p>\n","protected":false},"author":1,"featured_media":58284,"comment_status":"closed","ping_status":"closed","sticky":false,"template":"","format":"standard","meta":{"footnotes":""},"categories":[4],"tags":[59],"class_list":["post-58283","post","type-post","status-publish","format-standard","has-post-thumbnail","hentry","category-nacionales","tag-nacionales"],"_links":{"self":[{"href":"https:\/\/panoramadelsur.com.ar\/index.php?rest_route=\/wp\/v2\/posts\/58283","targetHints":{"allow":["GET"]}}],"collection":[{"href":"https:\/\/panoramadelsur.com.ar\/index.php?rest_route=\/wp\/v2\/posts"}],"about":[{"href":"https:\/\/panoramadelsur.com.ar\/index.php?rest_route=\/wp\/v2\/types\/post"}],"author":[{"embeddable":true,"href":"https:\/\/panoramadelsur.com.ar\/index.php?rest_route=\/wp\/v2\/users\/1"}],"replies":[{"embeddable":true,"href":"https:\/\/panoramadelsur.com.ar\/index.php?rest_route=%2Fwp%2Fv2%2Fcomments&post=58283"}],"version-history":[{"count":1,"href":"https:\/\/panoramadelsur.com.ar\/index.php?rest_route=\/wp\/v2\/posts\/58283\/revisions"}],"predecessor-version":[{"id":58285,"href":"https:\/\/panoramadelsur.com.ar\/index.php?rest_route=\/wp\/v2\/posts\/58283\/revisions\/58285"}],"wp:featuredmedia":[{"embeddable":true,"href":"https:\/\/panoramadelsur.com.ar\/index.php?rest_route=\/wp\/v2\/media\/58284"}],"wp:attachment":[{"href":"https:\/\/panoramadelsur.com.ar\/index.php?rest_route=%2Fwp%2Fv2%2Fmedia&parent=58283"}],"wp:term":[{"taxonomy":"category","embeddable":true,"href":"https:\/\/panoramadelsur.com.ar\/index.php?rest_route=%2Fwp%2Fv2%2Fcategories&post=58283"},{"taxonomy":"post_tag","embeddable":true,"href":"https:\/\/panoramadelsur.com.ar\/index.php?rest_route=%2Fwp%2Fv2%2Ftags&post=58283"}],"curies":[{"name":"wp","href":"https:\/\/api.w.org\/{rel}","templated":true}]}}