{"id":58286,"date":"2026-03-09T01:08:00","date_gmt":"2026-03-09T04:08:00","guid":{"rendered":"https:\/\/panoramadelsur.com.ar\/?p=58286"},"modified":"2026-03-08T18:50:01","modified_gmt":"2026-03-08T21:50:01","slug":"denuncian-que-el-gobierno-bloquea-el-acceso-a-la-salud-sexual-y-reproductiva","status":"publish","type":"post","link":"https:\/\/panoramadelsur.com.ar\/?p=58286","title":{"rendered":"DENUNCIAN QUE EL GOBIERNO BLOQUEA EL ACCESO A LA SALUD SEXUAL Y REPRODUCTIVA"},"content":{"rendered":"\n<p>En el marco del D\u00eda Internacional de las Mujeres, Amnist\u00eda Internacional expres\u00f3 su preocupaci\u00f3n por el debilitamiento de pol\u00edticas p\u00fablicas fundamentales para garantizar los derechos humanos de las mujeres y diversidades, en un contexto marcado por retrocesos en la prevenci\u00f3n de la violencia de g\u00e9nero, restricciones en el acceso a la salud sexual y reproductiva y reformas laborales sin perspectiva de g\u00e9nero.<\/p>\n\n\n\n<p>La entidad alert\u00f3 sobre el desmantelamiento sostenido de las pol\u00edticas de salud sexual y reproductiva.<\/p>\n\n\n\n<p>\u201cDesde 2023, el gobierno nacional dej\u00f3 de comprar y distribuir insumos esenciales para garantizar el derecho al aborto, lo que profundiza las desigualdades territoriales y pone en riesgo la vida y la salud de mujeres y personas gestantes\u201d, indic\u00f3.<\/p>\n\n\n\n<p>Adem\u00e1s, subray\u00f3 que \u201cla distribuci\u00f3n de m\u00e9todos anticonceptivos, anticoncepci\u00f3n de emergencia y test de embarazo cay\u00f3 dr\u00e1sticamente: entre 2023 y 2024 se redujo en un 81%\u201d.<\/p>\n\n\n\n<p>\u201cA ello se suma que en 2025 el Estado Nacional no distribuy\u00f3 preservativos en un contexto en el que la s\u00edfilis alcanz\u00f3 r\u00e9cords hist\u00f3ricos\u201d, expres\u00f3 Amnist\u00eda Internacional. <\/p>\n\n\n\n<p>Al mismo tiempo, la entidad sostuvo que \u201cse debilitaron las campa\u00f1as de informaci\u00f3n y prevenci\u00f3n y se desfinanci\u00f3 el Plan Nacional ENIA (Embarazo no Intencional en la Adolescencia), que hab\u00eda contribuido a reducir en un 50% la tasa espec\u00edfica de embarazo adolescente entre 2018 y 2023\u201d.<\/p>\n\n\n\n<p>\u201cEn un contexto en el que la raz\u00f3n de la mortalidad materna aument\u00f3 un 37% respecto de 2023 , el Estado no solo incumple su obligaci\u00f3n de garantizar el derecho al aborto; tambi\u00e9n se desentiende de implementar pol\u00edticas de informaci\u00f3n, prevenci\u00f3n y educaci\u00f3n en salud sexual y reproductiva, poniendo en riesgo la autonom\u00eda, la salud y, en muchos casos, la vida de ni\u00f1as, adolescentes y mujeres\u201d, agreg\u00f3.<\/p>\n","protected":false},"excerpt":{"rendered":"<p>En el<\/p>\n","protected":false},"author":1,"featured_media":58287,"comment_status":"closed","ping_status":"closed","sticky":false,"template":"","format":"standard","meta":{"footnotes":""},"categories":[4],"tags":[],"class_list":["post-58286","post","type-post","status-publish","format-standard","has-post-thumbnail","hentry","category-nacionales"],"_links":{"self":[{"href":"https:\/\/panoramadelsur.com.ar\/index.php?rest_route=\/wp\/v2\/posts\/58286","targetHints":{"allow":["GET"]}}],"collection":[{"href":"https:\/\/panoramadelsur.com.ar\/index.php?rest_route=\/wp\/v2\/posts"}],"about":[{"href":"https:\/\/panoramadelsur.com.ar\/index.php?rest_route=\/wp\/v2\/types\/post"}],"author":[{"embeddable":true,"href":"https:\/\/panoramadelsur.com.ar\/index.php?rest_route=\/wp\/v2\/users\/1"}],"replies":[{"embeddable":true,"href":"https:\/\/panoramadelsur.com.ar\/index.php?rest_route=%2Fwp%2Fv2%2Fcomments&post=58286"}],"version-history":[{"count":1,"href":"https:\/\/panoramadelsur.com.ar\/index.php?rest_route=\/wp\/v2\/posts\/58286\/revisions"}],"predecessor-version":[{"id":58288,"href":"https:\/\/panoramadelsur.com.ar\/index.php?rest_route=\/wp\/v2\/posts\/58286\/revisions\/58288"}],"wp:featuredmedia":[{"embeddable":true,"href":"https:\/\/panoramadelsur.com.ar\/index.php?rest_route=\/wp\/v2\/media\/58287"}],"wp:attachment":[{"href":"https:\/\/panoramadelsur.com.ar\/index.php?rest_route=%2Fwp%2Fv2%2Fmedia&parent=58286"}],"wp:term":[{"taxonomy":"category","embeddable":true,"href":"https:\/\/panoramadelsur.com.ar\/index.php?rest_route=%2Fwp%2Fv2%2Fcategories&post=58286"},{"taxonomy":"post_tag","embeddable":true,"href":"https:\/\/panoramadelsur.com.ar\/index.php?rest_route=%2Fwp%2Fv2%2Ftags&post=58286"}],"curies":[{"name":"wp","href":"https:\/\/api.w.org\/{rel}","templated":true}]}}