{"id":58289,"date":"2026-03-09T01:01:00","date_gmt":"2026-03-09T04:01:00","guid":{"rendered":"https:\/\/panoramadelsur.com.ar\/?p=58289"},"modified":"2026-03-08T19:22:16","modified_gmt":"2026-03-08T22:22:16","slug":"informe-de-la-uba-que-revela-la-perdida-de-160-empleos-por-dia","status":"publish","type":"post","link":"https:\/\/panoramadelsur.com.ar\/?p=58289","title":{"rendered":"INFORME DE LA UBA QUE REVELA LA P\u00c9RDIDA DE 160 EMPLEOS POR D\u00cdA"},"content":{"rendered":"\n<p>Un informe de la Facultad de Ciencias Econ\u00f3micas de la UBA alert\u00f3 sobre \u201cs\u00edntomas alarmantes\u201d de crisis en el sector industrial argentino, con ca\u00edda de la producci\u00f3n, p\u00e9rdida de empleo y menor peso del sector en la econom\u00eda.<\/p>\n\n\n\n<p>El documento, al que tuvo acceso la Agencia Noticias Argentinas, fue elaborado por el \u00c1rea de Estudios Sobre la Industria Argentina y Latinoamericana (AESIAL) y el Centro de Estudios de Historia Econ\u00f3mica Argentina y Latinoamericana (CEHEAL), y analiza la evoluci\u00f3n del sector entre 2023 y 2025.<\/p>\n\n\n\n<h2 class=\"wp-block-heading\">El dato que preocupa a la industria<\/h2>\n\n\n\n<p>Uno de los datos m\u00e1s importantes del informe es la fuerte reducci\u00f3n del peso de la industria dentro del Producto Bruto Interno (PBI). Seg\u00fan el informe, la participaci\u00f3n industrial pas\u00f3 del 16,5% en 2023 al 13,7% en 2025, un nivel que se asemeja al que ten\u00eda la Argentina antes de la Segunda Guerra Mundial, hace m\u00e1s de 80 a\u00f1os.<\/p>\n\n\n\n<p>Adem\u00e1s, el relevamiento se\u00f1ala que 22 de los 24 sectores industriales registraron ca\u00eddas en su valor agregado entre mediados de 2023 y mediados de 2025, lo que refleja una crisis extendida dentro de la estructura productiva.<\/p>\n\n\n\n<h2 class=\"wp-block-heading\">Creci\u00f3 la econom\u00eda pero baj\u00f3 fuerte la industria<\/h2>\n\n\n\n<p>Entre el tercer trimestre de 2023 y el mismo per\u00edodo de 2025, la econom\u00eda argentina creci\u00f3 apenas 1,3%, mientras que la industria registr\u00f3 una ca\u00edda del 8,3%.<\/p>\n\n\n\n<p>El informe tambi\u00e9n identifica otros sectores que sufrieron retrocesos:<\/p>\n\n\n\n<ul class=\"wp-block-list\">\n<li>Construcci\u00f3n: -14,1%<\/li>\n\n\n\n<li>Pesca: -24,6%<\/li>\n\n\n\n<li>Comercio: -5,2%<\/li>\n<\/ul>\n\n\n\n<p>En contraste, algunas actividades mostraron un fuerte crecimiento:<\/p>\n\n\n\n<ul class=\"wp-block-list\">\n<li>Sector financiero: +25,2%<\/li>\n\n\n\n<li>Miner\u00eda: +17,9%<\/li>\n\n\n\n<li>Agro: +14,1%<\/li>\n<\/ul>\n\n\n\n<h2 class=\"wp-block-heading\">Menos empleo: el dato que preocupa a todos<\/h2>\n\n\n\n<p>Otro indicador cr\u00edtico es el nivel de utilizaci\u00f3n de las f\u00e1bricas. Durante 2024 y 2025, el uso de la capacidad instalada de la industria se ubic\u00f3 por debajo del 60%, lo que implica m\u00e1s de 40% de capacidad ociosa.<\/p>\n\n\n\n<p>En paralelo, el informe advierte sobre una fuerte destrucci\u00f3n de empleo industrial. Desde noviembre de 2023 se perdieron alrededor de 100.000 puestos de trabajo, lo que equivale a unos 160 empleos menos por d\u00eda en el sector.<\/p>\n\n\n\n<h2 class=\"wp-block-heading\">Cu\u00e1les son los sectores m\u00e1s golpeados<\/h2>\n\n\n\n<p>Entre las ramas industriales que registraron las mayores ca\u00eddas \u2014entre 20% y 25%\u2014 se encuentran:<\/p>\n\n\n\n<ul class=\"wp-block-list\">\n<li>metalurgia<\/li>\n\n\n\n<li>calzado<\/li>\n\n\n\n<li>curtiembres<\/li>\n\n\n\n<li>industrias vinculadas a la construcci\u00f3n<\/li>\n<\/ul>\n\n\n\n<p>En tanto, algunos sectores mostraron mayor resistencia, aunque tambi\u00e9n registraron retrocesos menores, como la industria alimenticia, las tabacaleras y la industria del transporte.<\/p>\n\n\n\n<h2 class=\"wp-block-heading\">Menos exportaciones industriales y m\u00e1s commodities<\/h2>\n\n\n\n<p>El estudio tambi\u00e9n detecta un proceso de simplificaci\u00f3n exportadora. Las exportaciones industriales de mayor valor agregado \u2014conocidas como MOI\u2014 cayeron al 28% del total exportado por la industria, cuando en 2011 hab\u00edan alcanzado un pico hist\u00f3rico del 35%.<\/p>\n\n\n\n<p>Esto implica que la canasta exportadora del sector se concentra cada vez m\u00e1s en alimentos y commodities, con menor contenido tecnol\u00f3gico y menor generaci\u00f3n de empleo.<\/p>\n\n\n\n<p>Seg\u00fan el informe, el sector industrial tambi\u00e9n enfrenta un recorte en el apoyo estatal. En el Presupuesto 2026, los recursos y exenciones destinados a la industria registraron una reducci\u00f3n del 40%.<\/p>\n\n\n\n<p>Los investigadores se\u00f1alan que el apoyo p\u00fablico se concentr\u00f3 principalmente en el R\u00e9gimen de Incentivo a las Grandes Inversiones (RIGI), orientado a grandes proyectos de capital extranjero vinculados a energ\u00eda, miner\u00eda y siderurgia.<\/p>\n\n\n\n<h2 class=\"wp-block-heading\">Estado de alerta<\/h2>\n\n\n\n<p>El documento advierte adem\u00e1s sobre la situaci\u00f3n del sector de bienes de capital, considerado estrat\u00e9gico para el desarrollo industrial. Entre 2023 y 2025, la producci\u00f3n local cay\u00f3 casi 25%, mientras que las importaciones crecieron 77%.<\/p>\n\n\n\n<p>A esto se suma el impacto del Decreto 273\/2025, que flexibiliz\u00f3 la importaci\u00f3n de maquinaria agr\u00edcola usada. Entre mayo y octubre de 2025, estas importaciones se multiplicaron por ocho respecto al mismo per\u00edodo de 2024.<\/p>\n\n\n\n<p>Los autores del informe advierten que esta tendencia podr\u00eda afectar el desempe\u00f1o del complejo nacional de fabricantes de maquinaria agr\u00edcola.<\/p>\n\n\n\n<h2 class=\"wp-block-heading\">Retroceso de cuatro d\u00e9cadas<\/h2>\n\n\n\n<p>Finalmente, el estudio concluye que el PBI industrial per c\u00e1pita registr\u00f3 un fuerte deterioro: el nivel actual es similar al de 1985, lo que implica un retroceso de aproximadamente 40 a\u00f1os en t\u00e9rminos de producci\u00f3n industrial por habitante.<\/p>\n\n\n\n<p>Los investigadores advierten que estos indicadores reflejan un proceso de desindustrializaci\u00f3n que, de profundizarse, podr\u00eda tener impactos estructurales en el empleo, la producci\u00f3n y el perfil exportador de la econom\u00eda argentina.<\/p>\n","protected":false},"excerpt":{"rendered":"<p>Un informe<\/p>\n","protected":false},"author":1,"featured_media":58290,"comment_status":"closed","ping_status":"closed","sticky":false,"template":"","format":"standard","meta":{"footnotes":""},"categories":[1,4],"tags":[],"class_list":["post-58289","post","type-post","status-publish","format-standard","has-post-thumbnail","hentry","category-destacados","category-nacionales"],"_links":{"self":[{"href":"https:\/\/panoramadelsur.com.ar\/index.php?rest_route=\/wp\/v2\/posts\/58289","targetHints":{"allow":["GET"]}}],"collection":[{"href":"https:\/\/panoramadelsur.com.ar\/index.php?rest_route=\/wp\/v2\/posts"}],"about":[{"href":"https:\/\/panoramadelsur.com.ar\/index.php?rest_route=\/wp\/v2\/types\/post"}],"author":[{"embeddable":true,"href":"https:\/\/panoramadelsur.com.ar\/index.php?rest_route=\/wp\/v2\/users\/1"}],"replies":[{"embeddable":true,"href":"https:\/\/panoramadelsur.com.ar\/index.php?rest_route=%2Fwp%2Fv2%2Fcomments&post=58289"}],"version-history":[{"count":1,"href":"https:\/\/panoramadelsur.com.ar\/index.php?rest_route=\/wp\/v2\/posts\/58289\/revisions"}],"predecessor-version":[{"id":58291,"href":"https:\/\/panoramadelsur.com.ar\/index.php?rest_route=\/wp\/v2\/posts\/58289\/revisions\/58291"}],"wp:featuredmedia":[{"embeddable":true,"href":"https:\/\/panoramadelsur.com.ar\/index.php?rest_route=\/wp\/v2\/media\/58290"}],"wp:attachment":[{"href":"https:\/\/panoramadelsur.com.ar\/index.php?rest_route=%2Fwp%2Fv2%2Fmedia&parent=58289"}],"wp:term":[{"taxonomy":"category","embeddable":true,"href":"https:\/\/panoramadelsur.com.ar\/index.php?rest_route=%2Fwp%2Fv2%2Fcategories&post=58289"},{"taxonomy":"post_tag","embeddable":true,"href":"https:\/\/panoramadelsur.com.ar\/index.php?rest_route=%2Fwp%2Fv2%2Ftags&post=58289"}],"curies":[{"name":"wp","href":"https:\/\/api.w.org\/{rel}","templated":true}]}}