{"id":58295,"date":"2026-03-09T01:08:00","date_gmt":"2026-03-09T04:08:00","guid":{"rendered":"https:\/\/panoramadelsur.com.ar\/?p=58295"},"modified":"2026-03-08T19:45:04","modified_gmt":"2026-03-08T22:45:04","slug":"enorme-participacion-en-la-13a-peregrinacion-brocheriana-a-pie-de-la-diocesis-de-quilmes","status":"publish","type":"post","link":"https:\/\/panoramadelsur.com.ar\/?p=58295","title":{"rendered":"ENORME PARTICIPACI\u00d3N EN LA 13\u00aa PEREGRINACI\u00d3N BROCHERIANA A PIE DE LA DI\u00d3CESIS DE QUILMES"},"content":{"rendered":"\n<p>En el a\u00f1o de su 50\u00ba aniversario, la di\u00f3cesis de Quilmes vivi\u00f3 con j\u00fabilo el domingo 8 de marzo la 13\u00aa peregrinaci\u00f3n brocheriana a pie. Los peregrinos iniciaron su caminata en la Catedral Inmaculada Concepci\u00f3n (Rivadavia 355, Quilmes Centro) y la finalizaron en la Casa de encuentro \u201cSanto Cura Brochero\u201d (Trenque Lauquen 2551, Bosques), en un recorrido de 17 km, que la convierten en una de las manifestaciones de fe m\u00e1s populares de la regi\u00f3n.<\/p>\n\n\n\n<p>El Padre Lucio Carvalho Rodrigues, Vicario General de la Di\u00f3cesis y Director de la Casa de ejercicios espirituales Santo Cura Brochero de Bosques, realiz\u00f3 el saludo inicial y comparti\u00f3 los saludos y la bendici\u00f3n del Padre Obispo Carlos Tissera, que contin\u00faa de reposo tras una intervenci\u00f3n quir\u00fargica. El Padre Lucio hizo una reconocimiento a las mujeres, en el D\u00eda Internacional de la Mujer, present\u00f3 la figura de Santa Mama Antula y del Santo Cura Brochero, y present\u00f3 la frase del santo que se convirti\u00f3 en el lema de esta peregrinaci\u00f3n: \u00abDios no dejar\u00e1 caer al suelo las l\u00e1grimas de sus hijos\u00bb<\/p>\n\n\n\n<p>Las personas que realizaron el recorrido completo arribaron al Parque de la Ciudad Jorge Novak (Av. Smith y Vicente L\u00f3pez, Quilmes), frente a la Parroquia San Jorge, para hacer la primera parada pasadas las 9.00 de la ma\u00f1ana, y luego continuaron a la parroquia Nuestra Se\u00f1ora del Perpetuo Socorro (Calchaqu\u00ed 4949, Quilmes Oeste) para hacer el segundo descanso, que se concret\u00f3 cerca de las 10.45. Pasado el mediod\u00eda el arribo se dio en la Plaza del Mate (Ruta 36 y Thevenet, Florencio Varela) para hacer la \u00faltima parada y pasadas las 14.30. se complet\u00f3 el recorrido a pie.<\/p>\n\n\n\n<p>Una gran cantidad de personas que por diferentes motivos no pudieron caminar y quisieron estar presentes recibieron a los peregrinos que se acercaron al predio de Bosques encabezado por la imagen del Santo Cura Brochero y de la Virgen de Luj\u00e1n.<\/p>\n\n\n\n<p>Esta expresi\u00f3n de fe tuvo su momento central con la Misa que presidi\u00f3 el Padre Obispo Eduardo Redondo, auxiliar de la di\u00f3cesis, que acompa\u00f1\u00f3 la peregrinaci\u00f3n a pie desde la Plaza del Mate. El Obispo acerc\u00f3 nuevamente los saludos de Monse\u00f1or Tissera, y present\u00f3 una caracter\u00edsitica distintica del Santo Cura Brochero, que \u00aben su entrega dej\u00f3 su cuerpo y tom\u00f3 el pecado de quienes amaba\u00bb.<\/p>\n\n\n\n<p>Fue muy destacable la labor de los voluntarios servidores que acompa\u00f1aron toda la peregrinaci\u00f3n, junto a los equipos m\u00e9dicos, y el trabajo de los grupos que se organizaron para atender a las personas en los descansos, con agua, frutas, mate cocido, tortas fritas y cuidados sanitarios, entre quienes estaban los veteranos de la Guerra de Malvinas, y quienes animaron con m\u00fasica, baile y otras manifestaciones art\u00edsticas a los caminantes. Como tambi\u00e9n fue muy importante la colaboraci\u00f3n de los municipios de Quilmes y Florencio Varela, en el ordenamiento del tr\u00e1nsito y el cuidado de los peregrinos.<\/p>\n","protected":false},"excerpt":{"rendered":"<p>En el<\/p>\n","protected":false},"author":1,"featured_media":58296,"comment_status":"closed","ping_status":"closed","sticky":false,"template":"","format":"standard","meta":{"footnotes":""},"categories":[2],"tags":[],"class_list":["post-58295","post","type-post","status-publish","format-standard","has-post-thumbnail","hentry","category-quilmes"],"_links":{"self":[{"href":"https:\/\/panoramadelsur.com.ar\/index.php?rest_route=\/wp\/v2\/posts\/58295","targetHints":{"allow":["GET"]}}],"collection":[{"href":"https:\/\/panoramadelsur.com.ar\/index.php?rest_route=\/wp\/v2\/posts"}],"about":[{"href":"https:\/\/panoramadelsur.com.ar\/index.php?rest_route=\/wp\/v2\/types\/post"}],"author":[{"embeddable":true,"href":"https:\/\/panoramadelsur.com.ar\/index.php?rest_route=\/wp\/v2\/users\/1"}],"replies":[{"embeddable":true,"href":"https:\/\/panoramadelsur.com.ar\/index.php?rest_route=%2Fwp%2Fv2%2Fcomments&post=58295"}],"version-history":[{"count":1,"href":"https:\/\/panoramadelsur.com.ar\/index.php?rest_route=\/wp\/v2\/posts\/58295\/revisions"}],"predecessor-version":[{"id":58297,"href":"https:\/\/panoramadelsur.com.ar\/index.php?rest_route=\/wp\/v2\/posts\/58295\/revisions\/58297"}],"wp:featuredmedia":[{"embeddable":true,"href":"https:\/\/panoramadelsur.com.ar\/index.php?rest_route=\/wp\/v2\/media\/58296"}],"wp:attachment":[{"href":"https:\/\/panoramadelsur.com.ar\/index.php?rest_route=%2Fwp%2Fv2%2Fmedia&parent=58295"}],"wp:term":[{"taxonomy":"category","embeddable":true,"href":"https:\/\/panoramadelsur.com.ar\/index.php?rest_route=%2Fwp%2Fv2%2Fcategories&post=58295"},{"taxonomy":"post_tag","embeddable":true,"href":"https:\/\/panoramadelsur.com.ar\/index.php?rest_route=%2Fwp%2Fv2%2Ftags&post=58295"}],"curies":[{"name":"wp","href":"https:\/\/api.w.org\/{rel}","templated":true}]}}